{"id":17212,"date":"2024-05-29T09:34:24","date_gmt":"2024-05-29T07:34:24","guid":{"rendered":"https:\/\/educationalevidence.com\/?p=17212"},"modified":"2024-05-29T09:34:50","modified_gmt":"2024-05-29T07:34:50","slug":"unamunos-tales-4-the-marmot","status":"publish","type":"post","link":"https:\/\/educationalevidence.com\/en\/unamunos-tales-4-the-marmot\/","title":{"rendered":"Unamuno\u2019s Tales (4): \u201cThe marmot\u201d"},"content":{"rendered":"<h1>Unamuno\u2019s Tales (4): \u201cThe marmot\u201d<\/h1>\n<p>Unfortunately, we and our student body are the marmot<\/p>\n<figure id=\"attachment_17234\" aria-describedby=\"caption-attachment-17234\" style=\"width: 607px\" class=\"wp-caption aligncenter\"><img fetchpriority=\"high\" decoding=\"async\" class=\"size-full wp-image-17234\" src=\"https:\/\/educationalevidence.com\/wp-content\/uploads\/2024\/05\/marmota.jpg\" alt=\"\" width=\"607\" height=\"606\" srcset=\"https:\/\/educationalevidence.com\/wp-content\/uploads\/2024\/05\/marmota.jpg 607w, https:\/\/educationalevidence.com\/wp-content\/uploads\/2024\/05\/marmota-300x300.jpg 300w, https:\/\/educationalevidence.com\/wp-content\/uploads\/2024\/05\/marmota-150x150.jpg 150w\" sizes=\"(max-width: 607px) 100vw, 607px\" \/><figcaption id=\"caption-attachment-17234\" class=\"wp-caption-text\">AI generated image<\/figcaption><\/figure>\n<p><a style=\"display: inline-block;\" href=\"https:\/\/creativecommons.org\/licenses\/by-nc-nd\/4.0\/deed.en\" target=\"_blank\" rel=\"license noopener noreferrer\">License Creative Commons <img decoding=\"async\" style=\"height: 22px!important; margin-left: 3px; vertical-align: text-bottom;\" src=\"https:\/\/mirrors.creativecommons.org\/presskit\/icons\/by.svg?ref=chooser-v1\" \/><img decoding=\"async\" style=\"height: 22px!important; margin-left: 3px; vertical-align: text-bottom;\" src=\"https:\/\/mirrors.creativecommons.org\/presskit\/icons\/nc.svg?ref=chooser-v1\" \/><img decoding=\"async\" style=\"height: 22px!important; margin-left: 3px; vertical-align: text-bottom;\" src=\"https:\/\/mirrors.creativecommons.org\/presskit\/icons\/nd.svg?ref=chooser-v1\" \/><\/a><\/p>\n<p><img decoding=\"async\" class=\"alignleft wp-image-12365\" src=\"https:\/\/educationalevidence.com\/wp-content\/uploads\/2024\/01\/Andreu-cover-696x452-1-150x150.jpg\" alt=\"\" width=\"70\" height=\"70\" \/><\/p>\n<p>&nbsp;<\/p>\n<p><a href=\"https:\/\/twitter.com\/AndreuNavarra\" target=\"_blank\" rel=\"noopener\"><strong>Andreu Navarra<\/strong><\/a><\/p>\n<p><strong>\u00a0<\/strong><\/p>\n<p>\u201cLa Marmota\u201d (<em>The marmot<\/em>) is not a tale, but a journalistic column with traits of what Juan Jos\u00e9 Mill\u00e1s would call an \u2018articuento\u2019<sup>1<\/sup>. This article was published by <strong>Miguel de Unamuno<\/strong> in <em>Las <\/em><em>Noticias<\/em><em> de Barcelona<\/em> on April 6, 1899. It was not included in the writer\u2019s <em>Complete Works<\/em>, so it remained in obscurity for a century until Professor <strong>Adolfo Sotelo<\/strong> unearthed it and reintroduced it to the public in the volume <em>Miguel de Unamuno: articles in Las <\/em><em>Noticias<\/em><em> de Barcelona<\/em> (1899-1902), published by Lumen in 1993.<\/p>\n<p>The structure of this column is very simple: Unamuno presents us with a parallel double story: Initially, he cites a French physiological experiment involving a marmot. The creature is placed under a glass bell the edges of which are sealed with cement, causing the marmot to breathe its own breath until it falls asleep and finally <strong>succumbs to oxygen deprivation<\/strong>.<\/p>\n<p>The second parallel story of the text is the history of Spain itself, as interpreted by Unamuno in 1899: \u201cFor an extended period, the majority of our public has lived, economically, intellectually, religiously and artistically in a self-sustaining manner, <strong>lethargic like the marmot within its bell<\/strong>, meticulously sealing the fissures of this enclosure, lest the external air infiltrate and the delicate patriots, the worshippers of authenticity, catch a cold\u201d.<\/p>\n<p>Towards the conclusion, he states: \u201cThere is talk of the inspiration of our classics; but who would contemplate seeking it at the source from which they drew it? During the classical era of Castilian literature, Spain lived openly to the four winds, extending its influence\u00a0through Italy, Flanders, a significant portion of France and America. Its universal dream began since the intimate Inquisition elevated its spirit. <strong>The bell must be completely broken<\/strong>\u201d.<\/p>\n<p>As for literature, as soon as you, dear reader, attempt to persuade a public official of the necessity for shared readings\u2014ones that are enjoyed, debated, and studied with structure and a certain order\u2014you will realize that they are either ignorant of or have forgotten what literature is. Books, cultures seem to perturb them: the public officials who are responsible for the flow and intermingling of letters appear to be allergic to words. They have capitulated so long ago to a Taylorist and ultra-classist utilitarianism that they would not dare to open a book even at gunpoint. They will not know what you are talking about. <strong>Literatures are a public danger to our education officials<\/strong>, perhaps because they intuit that cultivating the letters can make them look like idiots. They are indeed correct, and they do well to fear it.\u00a0For instance, a student body that has read \u201cLa Marmota\u201d, this heterodox article of just three pages, and has freely debated it in class, would represent a genuine <strong>Bourdieuan thread<\/strong> to our mediocre political class.<\/p>\n<p>And, is it not so profoundly \u2018castizo\u2019<sup>2<\/sup> this pedagogical cynicism, which rejects all forms of rational thought or even minimally empirical analysis, defending unspeakable interests with the with the typical national laziness and cheekiness?<\/p>\n<p>Even so, these individuals with hardened minds feel the need to <strong>fortify their pedagogical bunkers<\/strong> with some form of doctrinal system, to avoid the confrontation with reality and the acceptance of responsibilities. This inquisitorial and bureaucratic system is the competency pedagogy, defended tooth and nail by the defenders of the current legislative mummy. These pedagogues do not read anything, they are not interested in anything. Their accepted and self-celebrated \u2018common sense\u2019, nourished by with their own flatulence, refuses to air out with external experiences, does not admit outsiders, oxygenations. It has been almost forty years remaining almost identical to itself, allergic to the classics, to any form of greatness or intellectual excellence, hating and extirpating the damned culture. <strong>The Lomloist<sup>3<\/sup> pedagogy is the latest version of the glass bell<\/strong>.<\/p>\n<p>When will we have enough courage to shatter it?<\/p>\n<p>I know that this non-articuento is too brief, excessively schematic, much like the pedagogical simplism, full of cyclical arguments that do not admit any falsifiability, because they also do not withstand any comparison with social reality. <strong>This pedagogy that drains<\/strong>, bureaucratizes and suffocates us is the heir of that \u2018intimate inquisition\u2019 that Unamuno referred to. Unfortunately, we and our student body are the marmot, subjected to polluted air under a horrible glass bell, indefinitely, by decree. Our country continues to be subjected to this cruel experiment of the marmot doomed to asphyxiate, and each education law contributes to add a bit more cement to the sealed slots of the lethal bell.<\/p>\n<p>___<\/p>\n<p><sup>1<\/sup> article originally published in the press, exhibiting characteristics more akin to works of fiction.<\/p>\n<p><sup>2 <\/sup>authentic, genuine<\/p>\n<p><sup>3<\/sup> LOMLOE stands for &#8220;Ley Org\u00e1nica de Modificaci\u00f3n de la Ley Org\u00e1nica de Educaci\u00f3n,&#8221; which is a Spanish term that translates to &#8220;Organic Law for the Modification of the Organic Law of Education&#8221; in English. It refers to a significant education reform law in Spain that was passed in December 2020.<\/p>\n<hr \/>\n<p>Source:\u00a0<strong>educational EVIDENCE<\/strong><\/p>\n<p>Rights:\u00a0<strong>Creative Commons<\/strong><\/p>\n","protected":false},"excerpt":{"rendered":"<p>\u201cLa Marmota\u201d is not a tale, but a journalistic column with traits of what Juan Jos\u00e9 Mill\u00e1s would call an \u2018articuento\u20191. This article was published by Miguel de Unamuno in Las Noticias de Barcelona on April 6, 1899. It was not included in the writer\u2019s Complete Works, so it remained in obscurity for a century until Professor Adolfo Sotelo unearthed it and reintroduced it to the public in the volume Miguel de Unamuno: articles in Las Noticias de Barcelona (1899-1902), published by Lumen in 1993.<\/p>\n","protected":false},"author":4,"featured_media":17234,"comment_status":"open","ping_status":"open","sticky":false,"template":"","format":"standard","meta":{"_FSMCFIC_featured_image_caption":"","_FSMCFIC_featured_image_nocaption":"1","_FSMCFIC_featured_image_hide":"","footnotes":""},"categories":[268],"tags":[1247,915,1246],"class_list":["post-17212","post","type-post","status-publish","format-standard","has-post-thumbnail","hentry","category-humanities","tag-competence-pedagogism","tag-miguel-de-unamuno-en","tag-the-marmot"],"yoast_head":"<!-- This site is optimized with the Yoast SEO plugin v27.5 - https:\/\/yoast.com\/product\/yoast-seo-wordpress\/ -->\n<title>Unamuno\u2019s Tales (4): \u201cThe marmot\u201d - Educational Evidence<\/title>\n<meta name=\"robots\" content=\"index, follow, max-snippet:-1, max-image-preview:large, max-video-preview:-1\" \/>\n<link rel=\"canonical\" href=\"https:\/\/educationalevidence.com\/en\/unamunos-tales-4-the-marmot\/\" \/>\n<meta property=\"og:locale\" content=\"en_US\" \/>\n<meta property=\"og:type\" content=\"article\" \/>\n<meta property=\"og:title\" content=\"Unamuno\u2019s Tales (4): \u201cThe marmot\u201d - Educational Evidence\" \/>\n<meta property=\"og:description\" content=\"\u201cLa Marmota\u201d is not a tale, but a journalistic column with traits of what Juan Jos\u00e9 Mill\u00e1s would call an \u2018articuento\u20191. This article was published by Miguel de Unamuno in Las Noticias de Barcelona on April 6, 1899. It was not included in the writer\u2019s Complete Works, so it remained in obscurity for a century until Professor Adolfo Sotelo unearthed it and reintroduced it to the public in the volume Miguel de Unamuno: articles in Las Noticias de Barcelona (1899-1902), published by Lumen in 1993.\" \/>\n<meta property=\"og:url\" content=\"https:\/\/educationalevidence.com\/en\/unamunos-tales-4-the-marmot\/\" \/>\n<meta property=\"og:site_name\" content=\"Educational Evidence\" \/>\n<meta property=\"article:published_time\" content=\"2024-05-29T07:34:24+00:00\" \/>\n<meta property=\"article:modified_time\" content=\"2024-05-29T07:34:50+00:00\" \/>\n<meta property=\"og:image\" content=\"https:\/\/educationalevidence.com\/wp-content\/uploads\/2024\/05\/marmota.jpg\" \/>\n\t<meta property=\"og:image:width\" content=\"607\" \/>\n\t<meta property=\"og:image:height\" content=\"606\" \/>\n\t<meta property=\"og:image:type\" content=\"image\/jpeg\" \/>\n<meta name=\"author\" content=\"educational EVIDENCE\" \/>\n<meta name=\"twitter:card\" content=\"summary_large_image\" \/>\n<meta name=\"twitter:label1\" content=\"Written by\" \/>\n\t<meta name=\"twitter:data1\" content=\"Andreu Navarra\" \/>\n\t<meta name=\"twitter:label2\" content=\"Est. reading time\" \/>\n\t<meta name=\"twitter:data2\" content=\"6 minutes\" \/>\n<script type=\"application\/ld+json\" class=\"yoast-schema-graph\">{\"@context\":\"https:\\\/\\\/schema.org\",\"@graph\":[{\"@type\":\"Article\",\"@id\":\"https:\\\/\\\/educationalevidence.com\\\/en\\\/unamunos-tales-4-the-marmot\\\/#article\",\"isPartOf\":{\"@id\":\"https:\\\/\\\/educationalevidence.com\\\/en\\\/unamunos-tales-4-the-marmot\\\/\"},\"author\":{\"name\":\"educational EVIDENCE\",\"@id\":\"https:\\\/\\\/educationalevidence.com\\\/en\\\/#\\\/schema\\\/person\\\/91a8797f56f6a2e7ba6fd6297739bbf1\"},\"headline\":\"Unamuno\u2019s Tales (4): \u201cThe marmot\u201d\",\"datePublished\":\"2024-05-29T07:34:24+00:00\",\"dateModified\":\"2024-05-29T07:34:50+00:00\",\"mainEntityOfPage\":{\"@id\":\"https:\\\/\\\/educationalevidence.com\\\/en\\\/unamunos-tales-4-the-marmot\\\/\"},\"wordCount\":855,\"commentCount\":0,\"publisher\":{\"@id\":\"https:\\\/\\\/educationalevidence.com\\\/en\\\/#organization\"},\"image\":{\"@id\":\"https:\\\/\\\/educationalevidence.com\\\/en\\\/unamunos-tales-4-the-marmot\\\/#primaryimage\"},\"thumbnailUrl\":\"https:\\\/\\\/educationalevidence.com\\\/wp-content\\\/uploads\\\/2024\\\/05\\\/marmota.jpg\",\"keywords\":[\"competence pedagogism\",\"Miguel de Unamuno\",\"the marmot\"],\"articleSection\":[\"Humanities\"],\"inLanguage\":\"en-US\",\"potentialAction\":[{\"@type\":\"CommentAction\",\"name\":\"Comment\",\"target\":[\"https:\\\/\\\/educationalevidence.com\\\/en\\\/unamunos-tales-4-the-marmot\\\/#respond\"]}]},{\"@type\":\"WebPage\",\"@id\":\"https:\\\/\\\/educationalevidence.com\\\/en\\\/unamunos-tales-4-the-marmot\\\/\",\"url\":\"https:\\\/\\\/educationalevidence.com\\\/en\\\/unamunos-tales-4-the-marmot\\\/\",\"name\":\"Unamuno\u2019s Tales (4): \u201cThe marmot\u201d - Educational Evidence\",\"isPartOf\":{\"@id\":\"https:\\\/\\\/educationalevidence.com\\\/en\\\/#website\"},\"primaryImageOfPage\":{\"@id\":\"https:\\\/\\\/educationalevidence.com\\\/en\\\/unamunos-tales-4-the-marmot\\\/#primaryimage\"},\"image\":{\"@id\":\"https:\\\/\\\/educationalevidence.com\\\/en\\\/unamunos-tales-4-the-marmot\\\/#primaryimage\"},\"thumbnailUrl\":\"https:\\\/\\\/educationalevidence.com\\\/wp-content\\\/uploads\\\/2024\\\/05\\\/marmota.jpg\",\"datePublished\":\"2024-05-29T07:34:24+00:00\",\"dateModified\":\"2024-05-29T07:34:50+00:00\",\"breadcrumb\":{\"@id\":\"https:\\\/\\\/educationalevidence.com\\\/en\\\/unamunos-tales-4-the-marmot\\\/#breadcrumb\"},\"inLanguage\":\"en-US\",\"potentialAction\":[{\"@type\":\"ReadAction\",\"target\":[\"https:\\\/\\\/educationalevidence.com\\\/en\\\/unamunos-tales-4-the-marmot\\\/\"]}]},{\"@type\":\"ImageObject\",\"inLanguage\":\"en-US\",\"@id\":\"https:\\\/\\\/educationalevidence.com\\\/en\\\/unamunos-tales-4-the-marmot\\\/#primaryimage\",\"url\":\"https:\\\/\\\/educationalevidence.com\\\/wp-content\\\/uploads\\\/2024\\\/05\\\/marmota.jpg\",\"contentUrl\":\"https:\\\/\\\/educationalevidence.com\\\/wp-content\\\/uploads\\\/2024\\\/05\\\/marmota.jpg\",\"width\":607,\"height\":606,\"caption\":\"AI generated image\"},{\"@type\":\"BreadcrumbList\",\"@id\":\"https:\\\/\\\/educationalevidence.com\\\/en\\\/unamunos-tales-4-the-marmot\\\/#breadcrumb\",\"itemListElement\":[{\"@type\":\"ListItem\",\"position\":1,\"name\":\"Portada\",\"item\":\"https:\\\/\\\/educationalevidence.com\\\/en\\\/\"},{\"@type\":\"ListItem\",\"position\":2,\"name\":\"Unamuno\u2019s Tales (4): \u201cThe marmot\u201d\"}]},{\"@type\":\"WebSite\",\"@id\":\"https:\\\/\\\/educationalevidence.com\\\/en\\\/#website\",\"url\":\"https:\\\/\\\/educationalevidence.com\\\/en\\\/\",\"name\":\"Educational Evidence\",\"description\":\"\",\"publisher\":{\"@id\":\"https:\\\/\\\/educationalevidence.com\\\/en\\\/#organization\"},\"potentialAction\":[{\"@type\":\"SearchAction\",\"target\":{\"@type\":\"EntryPoint\",\"urlTemplate\":\"https:\\\/\\\/educationalevidence.com\\\/en\\\/?s={search_term_string}\"},\"query-input\":{\"@type\":\"PropertyValueSpecification\",\"valueRequired\":true,\"valueName\":\"search_term_string\"}}],\"inLanguage\":\"en-US\"},{\"@type\":\"Organization\",\"@id\":\"https:\\\/\\\/educationalevidence.com\\\/en\\\/#organization\",\"name\":\"Educational Evidence\",\"url\":\"https:\\\/\\\/educationalevidence.com\\\/en\\\/\",\"logo\":{\"@type\":\"ImageObject\",\"inLanguage\":\"en-US\",\"@id\":\"https:\\\/\\\/educationalevidence.com\\\/en\\\/#\\\/schema\\\/logo\\\/image\\\/\",\"url\":\"https:\\\/\\\/educationalevidence.com\\\/wp-content\\\/uploads\\\/2023\\\/07\\\/educational_evidence_logo_horitzontal_blanc_negatiu.png\",\"contentUrl\":\"https:\\\/\\\/educationalevidence.com\\\/wp-content\\\/uploads\\\/2023\\\/07\\\/educational_evidence_logo_horitzontal_blanc_negatiu.png\",\"width\":3508,\"height\":1090,\"caption\":\"Educational Evidence\"},\"image\":{\"@id\":\"https:\\\/\\\/educationalevidence.com\\\/en\\\/#\\\/schema\\\/logo\\\/image\\\/\"}},{\"@type\":\"Person\",\"@id\":\"https:\\\/\\\/educationalevidence.com\\\/en\\\/#\\\/schema\\\/person\\\/91a8797f56f6a2e7ba6fd6297739bbf1\",\"name\":\"educational EVIDENCE\",\"image\":{\"@type\":\"ImageObject\",\"inLanguage\":\"en-US\",\"@id\":\"https:\\\/\\\/educationalevidence.com\\\/wp-content\\\/litespeed\\\/avatar\\\/e9888a11dc51b117a0209ebd4a5f884d.jpg?ver=1777453195\",\"url\":\"https:\\\/\\\/educationalevidence.com\\\/wp-content\\\/litespeed\\\/avatar\\\/e9888a11dc51b117a0209ebd4a5f884d.jpg?ver=1777453195\",\"contentUrl\":\"https:\\\/\\\/educationalevidence.com\\\/wp-content\\\/litespeed\\\/avatar\\\/e9888a11dc51b117a0209ebd4a5f884d.jpg?ver=1777453195\",\"caption\":\"educational EVIDENCE\"},\"sameAs\":[\"https:\\\/\\\/educationalevidence.com\\\/\"],\"url\":\"\"}]}<\/script>\n<!-- \/ Yoast SEO plugin. -->","yoast_head_json":{"title":"Unamuno\u2019s Tales (4): \u201cThe marmot\u201d - Educational Evidence","robots":{"index":"index","follow":"follow","max-snippet":"max-snippet:-1","max-image-preview":"max-image-preview:large","max-video-preview":"max-video-preview:-1"},"canonical":"https:\/\/educationalevidence.com\/en\/unamunos-tales-4-the-marmot\/","og_locale":"en_US","og_type":"article","og_title":"Unamuno\u2019s Tales (4): \u201cThe marmot\u201d - Educational Evidence","og_description":"\u201cLa Marmota\u201d is not a tale, but a journalistic column with traits of what Juan Jos\u00e9 Mill\u00e1s would call an \u2018articuento\u20191. This article was published by Miguel de Unamuno in Las Noticias de Barcelona on April 6, 1899. It was not included in the writer\u2019s Complete Works, so it remained in obscurity for a century until Professor Adolfo Sotelo unearthed it and reintroduced it to the public in the volume Miguel de Unamuno: articles in Las Noticias de Barcelona (1899-1902), published by Lumen in 1993.","og_url":"https:\/\/educationalevidence.com\/en\/unamunos-tales-4-the-marmot\/","og_site_name":"Educational Evidence","article_published_time":"2024-05-29T07:34:24+00:00","article_modified_time":"2024-05-29T07:34:50+00:00","og_image":[{"width":607,"height":606,"url":"https:\/\/educationalevidence.com\/wp-content\/uploads\/2024\/05\/marmota.jpg","type":"image\/jpeg"}],"author":"educational EVIDENCE","twitter_card":"summary_large_image","twitter_misc":{"Written by":"Andreu Navarra","Est. reading time":"6 minutes"},"schema":{"@context":"https:\/\/schema.org","@graph":[{"@type":"Article","@id":"https:\/\/educationalevidence.com\/en\/unamunos-tales-4-the-marmot\/#article","isPartOf":{"@id":"https:\/\/educationalevidence.com\/en\/unamunos-tales-4-the-marmot\/"},"author":{"name":"educational EVIDENCE","@id":"https:\/\/educationalevidence.com\/en\/#\/schema\/person\/91a8797f56f6a2e7ba6fd6297739bbf1"},"headline":"Unamuno\u2019s Tales (4): \u201cThe marmot\u201d","datePublished":"2024-05-29T07:34:24+00:00","dateModified":"2024-05-29T07:34:50+00:00","mainEntityOfPage":{"@id":"https:\/\/educationalevidence.com\/en\/unamunos-tales-4-the-marmot\/"},"wordCount":855,"commentCount":0,"publisher":{"@id":"https:\/\/educationalevidence.com\/en\/#organization"},"image":{"@id":"https:\/\/educationalevidence.com\/en\/unamunos-tales-4-the-marmot\/#primaryimage"},"thumbnailUrl":"https:\/\/educationalevidence.com\/wp-content\/uploads\/2024\/05\/marmota.jpg","keywords":["competence pedagogism","Miguel de Unamuno","the marmot"],"articleSection":["Humanities"],"inLanguage":"en-US","potentialAction":[{"@type":"CommentAction","name":"Comment","target":["https:\/\/educationalevidence.com\/en\/unamunos-tales-4-the-marmot\/#respond"]}]},{"@type":"WebPage","@id":"https:\/\/educationalevidence.com\/en\/unamunos-tales-4-the-marmot\/","url":"https:\/\/educationalevidence.com\/en\/unamunos-tales-4-the-marmot\/","name":"Unamuno\u2019s Tales (4): \u201cThe marmot\u201d - Educational Evidence","isPartOf":{"@id":"https:\/\/educationalevidence.com\/en\/#website"},"primaryImageOfPage":{"@id":"https:\/\/educationalevidence.com\/en\/unamunos-tales-4-the-marmot\/#primaryimage"},"image":{"@id":"https:\/\/educationalevidence.com\/en\/unamunos-tales-4-the-marmot\/#primaryimage"},"thumbnailUrl":"https:\/\/educationalevidence.com\/wp-content\/uploads\/2024\/05\/marmota.jpg","datePublished":"2024-05-29T07:34:24+00:00","dateModified":"2024-05-29T07:34:50+00:00","breadcrumb":{"@id":"https:\/\/educationalevidence.com\/en\/unamunos-tales-4-the-marmot\/#breadcrumb"},"inLanguage":"en-US","potentialAction":[{"@type":"ReadAction","target":["https:\/\/educationalevidence.com\/en\/unamunos-tales-4-the-marmot\/"]}]},{"@type":"ImageObject","inLanguage":"en-US","@id":"https:\/\/educationalevidence.com\/en\/unamunos-tales-4-the-marmot\/#primaryimage","url":"https:\/\/educationalevidence.com\/wp-content\/uploads\/2024\/05\/marmota.jpg","contentUrl":"https:\/\/educationalevidence.com\/wp-content\/uploads\/2024\/05\/marmota.jpg","width":607,"height":606,"caption":"AI generated image"},{"@type":"BreadcrumbList","@id":"https:\/\/educationalevidence.com\/en\/unamunos-tales-4-the-marmot\/#breadcrumb","itemListElement":[{"@type":"ListItem","position":1,"name":"Portada","item":"https:\/\/educationalevidence.com\/en\/"},{"@type":"ListItem","position":2,"name":"Unamuno\u2019s Tales (4): \u201cThe marmot\u201d"}]},{"@type":"WebSite","@id":"https:\/\/educationalevidence.com\/en\/#website","url":"https:\/\/educationalevidence.com\/en\/","name":"Educational Evidence","description":"","publisher":{"@id":"https:\/\/educationalevidence.com\/en\/#organization"},"potentialAction":[{"@type":"SearchAction","target":{"@type":"EntryPoint","urlTemplate":"https:\/\/educationalevidence.com\/en\/?s={search_term_string}"},"query-input":{"@type":"PropertyValueSpecification","valueRequired":true,"valueName":"search_term_string"}}],"inLanguage":"en-US"},{"@type":"Organization","@id":"https:\/\/educationalevidence.com\/en\/#organization","name":"Educational Evidence","url":"https:\/\/educationalevidence.com\/en\/","logo":{"@type":"ImageObject","inLanguage":"en-US","@id":"https:\/\/educationalevidence.com\/en\/#\/schema\/logo\/image\/","url":"https:\/\/educationalevidence.com\/wp-content\/uploads\/2023\/07\/educational_evidence_logo_horitzontal_blanc_negatiu.png","contentUrl":"https:\/\/educationalevidence.com\/wp-content\/uploads\/2023\/07\/educational_evidence_logo_horitzontal_blanc_negatiu.png","width":3508,"height":1090,"caption":"Educational Evidence"},"image":{"@id":"https:\/\/educationalevidence.com\/en\/#\/schema\/logo\/image\/"}},{"@type":"Person","@id":"https:\/\/educationalevidence.com\/en\/#\/schema\/person\/91a8797f56f6a2e7ba6fd6297739bbf1","name":"educational EVIDENCE","image":{"@type":"ImageObject","inLanguage":"en-US","@id":"https:\/\/educationalevidence.com\/wp-content\/litespeed\/avatar\/e9888a11dc51b117a0209ebd4a5f884d.jpg?ver=1777453195","url":"https:\/\/educationalevidence.com\/wp-content\/litespeed\/avatar\/e9888a11dc51b117a0209ebd4a5f884d.jpg?ver=1777453195","contentUrl":"https:\/\/educationalevidence.com\/wp-content\/litespeed\/avatar\/e9888a11dc51b117a0209ebd4a5f884d.jpg?ver=1777453195","caption":"educational EVIDENCE"},"sameAs":["https:\/\/educationalevidence.com\/"],"url":""}]}},"_links":{"self":[{"href":"https:\/\/educationalevidence.com\/en\/wp-json\/wp\/v2\/posts\/17212","targetHints":{"allow":["GET"]}}],"collection":[{"href":"https:\/\/educationalevidence.com\/en\/wp-json\/wp\/v2\/posts"}],"about":[{"href":"https:\/\/educationalevidence.com\/en\/wp-json\/wp\/v2\/types\/post"}],"author":[{"embeddable":true,"href":"https:\/\/educationalevidence.com\/en\/wp-json\/wp\/v2\/users\/4"}],"replies":[{"embeddable":true,"href":"https:\/\/educationalevidence.com\/en\/wp-json\/wp\/v2\/comments?post=17212"}],"version-history":[{"count":9,"href":"https:\/\/educationalevidence.com\/en\/wp-json\/wp\/v2\/posts\/17212\/revisions"}],"predecessor-version":[{"id":17292,"href":"https:\/\/educationalevidence.com\/en\/wp-json\/wp\/v2\/posts\/17212\/revisions\/17292"}],"wp:featuredmedia":[{"embeddable":true,"href":"https:\/\/educationalevidence.com\/en\/wp-json\/wp\/v2\/media\/17234"}],"wp:attachment":[{"href":"https:\/\/educationalevidence.com\/en\/wp-json\/wp\/v2\/media?parent=17212"}],"wp:term":[{"taxonomy":"category","embeddable":true,"href":"https:\/\/educationalevidence.com\/en\/wp-json\/wp\/v2\/categories?post=17212"},{"taxonomy":"post_tag","embeddable":true,"href":"https:\/\/educationalevidence.com\/en\/wp-json\/wp\/v2\/tags?post=17212"}],"curies":[{"name":"wp","href":"https:\/\/api.w.org\/{rel}","templated":true}]}}