{"id":15326,"date":"2024-04-30T08:25:50","date_gmt":"2024-04-30T06:25:50","guid":{"rendered":"https:\/\/educationalevidence.com\/?p=15326"},"modified":"2024-04-25T10:41:20","modified_gmt":"2024-04-25T08:41:20","slug":"the-subtle-art-of-gyorgy-ligeti-influenced-by-salvador-dali","status":"publish","type":"post","link":"https:\/\/educationalevidence.com\/en\/the-subtle-art-of-gyorgy-ligeti-influenced-by-salvador-dali\/","title":{"rendered":"The subtle art of Gy\u00f6rgy Ligeti influenced by Salvador Dal\u00ed"},"content":{"rendered":"<h1>The subtle art of Gy\u00f6rgy Ligeti influenced by Salvador Dal\u00ed<\/h1>\n<p>Ligeti has revealed himself as a \u00a0key element for the XX century avant-garde<\/p>\n<figure id=\"attachment_15123\" aria-describedby=\"caption-attachment-15123\" style=\"width: 886px\" class=\"wp-caption aligncenter\"><img fetchpriority=\"high\" decoding=\"async\" class=\"size-full wp-image-15123\" src=\"http:\/\/educationalevidence.com\/wp-content\/uploads\/2024\/04\/Dali.jpg\" alt=\"\" width=\"886\" height=\"665\" srcset=\"https:\/\/educationalevidence.com\/wp-content\/uploads\/2024\/04\/Dali.jpg 886w, https:\/\/educationalevidence.com\/wp-content\/uploads\/2024\/04\/Dali-300x225.jpg 300w, https:\/\/educationalevidence.com\/wp-content\/uploads\/2024\/04\/Dali-768x576.jpg 768w\" sizes=\"(max-width: 886px) 100vw, 886px\" \/><figcaption id=\"caption-attachment-15123\" class=\"wp-caption-text\">Antonio Campoy from Madrid, Espa\u00f1a &#8211; <em>The memory persistence,<\/em> CC BY 2.0, https:\/\/commons.wikimedia.org\/w\/index.php?curid=138975968<span style=\"font-size: 16px;\">\u00a0<\/span><\/figcaption><\/figure>\n<p><a style=\"display: inline-block;\" href=\"https:\/\/creativecommons.org\/licenses\/by-nc-nd\/4.0\/deed.en\" target=\"_blank\" rel=\"license noopener noreferrer\">License Creative Commons <img decoding=\"async\" style=\"height: 22px!important; margin-left: 3px; vertical-align: text-bottom;\" src=\"https:\/\/mirrors.creativecommons.org\/presskit\/icons\/by.svg?ref=chooser-v1\" \/><img decoding=\"async\" style=\"height: 22px!important; margin-left: 3px; vertical-align: text-bottom;\" src=\"https:\/\/mirrors.creativecommons.org\/presskit\/icons\/nc.svg?ref=chooser-v1\" \/><img decoding=\"async\" style=\"height: 22px!important; margin-left: 3px; vertical-align: text-bottom;\" src=\"https:\/\/mirrors.creativecommons.org\/presskit\/icons\/nd.svg?ref=chooser-v1\" \/><\/a><\/p>\n<p><strong><img decoding=\"async\" class=\"alignleft wp-image-15131\" src=\"http:\/\/educationalevidence.com\/wp-content\/uploads\/2024\/04\/Marta-Vela-1-150x150.jpg\" alt=\"\" width=\"70\" height=\"70\" \/><\/strong><\/p>\n<p>&nbsp;<\/p>\n<p><strong>Marta Vela<\/strong><\/p>\n<p>&nbsp;<\/p>\n<p>Beyond the cinema language and the extreme celebrity of his music after its appearance in kubrik films,\u00a0 the leading figure of \u00a0Ligeti has revealed himself as a key element for XX century avant-garde thanks to its subtle sound textures and the amount of hidden messages that contains.<\/p>\n<p>Concepts like the memory, the sound footprint and the blurred images\u00a0 were the first visual inspirations of Ligeti,\u00a0 he started to develop this composition ideas in the late fifty\u2019s during the peak of a systematic movement like the total serialism, totally alien to his sensitivity. Although in his first stages, influenced by Bartok, the great Hungarian composer of the first half\u00a0 of the XX\u00a0 century, refer to \u00a0obvious rhythmic and percussive structures just like the \u201c la musica reicercata\u201d(1951-1953) that sounds to extenuation in \u201c Eyes wide shut\u201d (1999), soon the reminiscences of the medieval polyphony, especially (Ockeghem) reproduced\u00a0 in giant sound masses at the pace of the canon would take hold of his initial productions after his escape of Hungary in works such as Apparitons (1958-1959), Atmosph\u00e8res (1961) &lt;Lux Aeterna (1966) or \u00a0Lontano (1967) all of them under the influence of the so called micropolyphony<\/p>\n<p style=\"text-align: center;\"><em>\u201cMicropolyphony is a microscopic\u00a0 counterpoint, a dense texture internally animated where\u00a0 a great number of instruments play slight different versions of the same line. In essence, there can be a counterpoint in three or four parts of different melodies, but each one of them is multiplied, maybe, in a dozen or more variants of itself , and as a result we have and intricately complex\u00a0 net. Although micropolyphony can use simultaneously all the instruments of the score, the most characteristic is that the mass of instruments go in and out\u00a0 and the ability of the composer consists\u00a0 in\u00a0 keeping timbre colorations\u00a0 moving&#8221;<\/em><\/p>\n<h6 style=\"text-align: center;\"><strong>STEINITZ, R., (2003):\u00a0<em>Gy\u00f6rgy Ligeti, Music of the Imagination<\/em>, London, Northeastern University Press, p. 104. (translated from French)<\/strong><\/h6>\n<p>However , during the seventy\u2019s, \u00a0after the success of the works mentioned before, \u00a0Ligeti made his way in\u00a0 a language\u00a0 even more \u00a0mecanicco \u00a0and with its intersection with the micropolyphony, merged in the\u00a0 successful expression of \u00a0clocks and clouds , and homage to Karl Popper\u00a0 and the conjunction of both terms\u00a0 in \u00a0his essay Of Clouds and Clocks : And approach to the problem of rationality and the freedom of man (1966)<\/p>\n<p>Just since the composition\u00a0 of (Poeme symphonique pour cent metronomes (1962) Ligeti had retaken his interest in the rhythm that had culminated in a more meccanico style ( that is to say with more clocks than clouds) that his first visit to EEUU confirmed.<\/p>\n<p><iframe title=\"Ligeti: String Quartet No. 2 - III. Come un meccanismo di precisione\" width=\"800\" height=\"600\" src=\"https:\/\/www.youtube.com\/embed\/G9hE3vgSE_k?list=OLAK5uy_mXdlqZee79RZw-o5VyK-sqhBVmQ4ZsvRg\" frameborder=\"0\" allow=\"accelerometer; autoplay; clipboard-write; encrypted-media; gyroscope; picture-in-picture; web-share\" referrerpolicy=\"strict-origin-when-cross-origin\" allowfullscreen><\/iframe><\/p>\n<p>There, two capital works emerged, Clocks and Clouds (1972-1973) and San Francisco Polyphony (1973-1974) that combined\u00a0 the former micropolyphony with new rhythmic effects.<\/p>\n<p><iframe title=\"San Francisco Polyphony\" width=\"800\" height=\"600\" src=\"https:\/\/www.youtube.com\/embed\/2QjUajnM52E?start=1&#038;feature=oembed\" frameborder=\"0\" allow=\"accelerometer; autoplay; clipboard-write; encrypted-media; gyroscope; picture-in-picture; web-share\" referrerpolicy=\"strict-origin-when-cross-origin\" allowfullscreen><\/iframe><\/p>\n<p>To this evolution of the ligetian language, as usual, other extra music influences added ,just as the illusory images\u00a0 of Escher\u00a0 and the texts of Borges concerning labyrinthine \u00a0\u00a0and concentric structures. In fact when he was watching the\u00a0 Dali canvas \u00a0\u201c the persistence and disintegration of memory\u201d Ligeti decide to call his new tendency Clocks and Couds combining the soft superficies with hard and impenetrable, creating a sounding\u00a0 melting pot of\u00a0 subtle chiaroscuro, whose flux\u00a0 freely expands into the threshold of times.<\/p>\n<p>Thus , like an artistic amalgam the music of Ligeti, totally contemporary, and if you want, dissonant, contains a code of artistic\u00a0 interactions that is very useful to take into consideration when you are listening him.<\/p>\n<p>Not in vain, in front of the scientism manifest\u00a0 of\u00a0 the integral Serialism ( Structures, Punkte, Kontra-Punkte..) the powerful\u00a0 imagination of ligeti would reflect in the poetical condition of his work titles, that the composer offers us under several artistic influences\u00a0 with the intricate arts of the magician.<\/p>\n<hr \/>\n<p>Source:\u00a0<strong>educational EVIDENCE<\/strong><\/p>\n<p>Rights:\u00a0<strong>Creative Commons<\/strong><\/p>\n","protected":false},"excerpt":{"rendered":"<p>Beyond the cinema language and the extreme celebrity of his music after its appearance in kubrik films,\u00a0 the leading figure of \u00a0Ligeti has revealed himself as a key element for XX century avant-garde thanks to its subtle sound textures and the amount of hidden messages that contains.<\/p>\n","protected":false},"author":4,"featured_media":15123,"comment_status":"open","ping_status":"open","sticky":false,"template":"","format":"standard","meta":{"_FSMCFIC_featured_image_caption":"","_FSMCFIC_featured_image_nocaption":"1","_FSMCFIC_featured_image_hide":"","footnotes":""},"categories":[268],"tags":[866,868,867],"class_list":["post-15326","post","type-post","status-publish","format-standard","has-post-thumbnail","hentry","category-humanities","tag-gyorgy-ligeti-en","tag-integral-serialism","tag-salvador-dali-en"],"yoast_head":"<!-- This site is optimized with the Yoast SEO plugin v27.4 - https:\/\/yoast.com\/product\/yoast-seo-wordpress\/ -->\n<title>The subtle art of Gy\u00f6rgy Ligeti influenced by Salvador Dal\u00ed - Educational Evidence<\/title>\n<meta name=\"description\" content=\"Beyond the cinema language and the extreme celebrity of his music after its appearance in kubrik films,\u00a0 the leading figure of \u00a0Ligeti has revealed himself as a key element for XX century avant-garde thanks to its subtle sound textures and the amount of hidden messages that contains.\" \/>\n<meta name=\"robots\" content=\"index, follow, max-snippet:-1, max-image-preview:large, max-video-preview:-1\" \/>\n<link rel=\"canonical\" href=\"https:\/\/educationalevidence.com\/en\/the-subtle-art-of-gyorgy-ligeti-influenced-by-salvador-dali\/\" \/>\n<meta property=\"og:locale\" content=\"en_US\" \/>\n<meta property=\"og:type\" content=\"article\" \/>\n<meta property=\"og:title\" content=\"The subtle art of Gy\u00f6rgy Ligeti influenced by Salvador Dal\u00ed - Educational Evidence\" \/>\n<meta property=\"og:description\" content=\"Beyond the cinema language and the extreme celebrity of his music after its appearance in kubrik films,\u00a0 the leading figure of \u00a0Ligeti has revealed himself as a key element for XX century avant-garde thanks to its subtle sound textures and the amount of hidden messages that contains.\" \/>\n<meta property=\"og:url\" content=\"https:\/\/educationalevidence.com\/en\/the-subtle-art-of-gyorgy-ligeti-influenced-by-salvador-dali\/\" \/>\n<meta property=\"og:site_name\" content=\"Educational Evidence\" \/>\n<meta property=\"article:published_time\" content=\"2024-04-30T06:25:50+00:00\" \/>\n<meta property=\"og:image\" content=\"https:\/\/educationalevidence.com\/wp-content\/uploads\/2024\/04\/Dali.jpg\" \/>\n\t<meta property=\"og:image:width\" content=\"886\" \/>\n\t<meta property=\"og:image:height\" content=\"665\" \/>\n\t<meta property=\"og:image:type\" content=\"image\/jpeg\" \/>\n<meta name=\"author\" content=\"educational EVIDENCE\" \/>\n<meta name=\"twitter:card\" content=\"summary_large_image\" \/>\n<meta name=\"twitter:label1\" content=\"Written by\" \/>\n\t<meta name=\"twitter:data1\" content=\"Marta Vela\" \/>\n\t<meta name=\"twitter:label2\" content=\"Est. reading time\" \/>\n\t<meta name=\"twitter:data2\" content=\"5 minutes\" \/>\n<script type=\"application\/ld+json\" class=\"yoast-schema-graph\">{\"@context\":\"https:\\\/\\\/schema.org\",\"@graph\":[{\"@type\":\"Article\",\"@id\":\"https:\\\/\\\/educationalevidence.com\\\/en\\\/the-subtle-art-of-gyorgy-ligeti-influenced-by-salvador-dali\\\/#article\",\"isPartOf\":{\"@id\":\"https:\\\/\\\/educationalevidence.com\\\/en\\\/the-subtle-art-of-gyorgy-ligeti-influenced-by-salvador-dali\\\/\"},\"author\":{\"name\":\"educational EVIDENCE\",\"@id\":\"https:\\\/\\\/educationalevidence.com\\\/en\\\/#\\\/schema\\\/person\\\/91a8797f56f6a2e7ba6fd6297739bbf1\"},\"headline\":\"The subtle art of Gy\u00f6rgy Ligeti influenced by Salvador Dal\u00ed\",\"datePublished\":\"2024-04-30T06:25:50+00:00\",\"mainEntityOfPage\":{\"@id\":\"https:\\\/\\\/educationalevidence.com\\\/en\\\/the-subtle-art-of-gyorgy-ligeti-influenced-by-salvador-dali\\\/\"},\"wordCount\":710,\"commentCount\":0,\"publisher\":{\"@id\":\"https:\\\/\\\/educationalevidence.com\\\/en\\\/#organization\"},\"image\":{\"@id\":\"https:\\\/\\\/educationalevidence.com\\\/en\\\/the-subtle-art-of-gyorgy-ligeti-influenced-by-salvador-dali\\\/#primaryimage\"},\"thumbnailUrl\":\"https:\\\/\\\/educationalevidence.com\\\/wp-content\\\/uploads\\\/2024\\\/04\\\/Dali.jpg\",\"keywords\":[\"Gy\u00f6rgy Ligeti\",\"integral Serialism\",\"Salvador Dal\u00ed\"],\"articleSection\":[\"Humanities\"],\"inLanguage\":\"en-US\",\"potentialAction\":[{\"@type\":\"CommentAction\",\"name\":\"Comment\",\"target\":[\"https:\\\/\\\/educationalevidence.com\\\/en\\\/the-subtle-art-of-gyorgy-ligeti-influenced-by-salvador-dali\\\/#respond\"]}]},{\"@type\":\"WebPage\",\"@id\":\"https:\\\/\\\/educationalevidence.com\\\/en\\\/the-subtle-art-of-gyorgy-ligeti-influenced-by-salvador-dali\\\/\",\"url\":\"https:\\\/\\\/educationalevidence.com\\\/en\\\/the-subtle-art-of-gyorgy-ligeti-influenced-by-salvador-dali\\\/\",\"name\":\"The subtle art of Gy\u00f6rgy Ligeti influenced by Salvador Dal\u00ed - Educational Evidence\",\"isPartOf\":{\"@id\":\"https:\\\/\\\/educationalevidence.com\\\/en\\\/#website\"},\"primaryImageOfPage\":{\"@id\":\"https:\\\/\\\/educationalevidence.com\\\/en\\\/the-subtle-art-of-gyorgy-ligeti-influenced-by-salvador-dali\\\/#primaryimage\"},\"image\":{\"@id\":\"https:\\\/\\\/educationalevidence.com\\\/en\\\/the-subtle-art-of-gyorgy-ligeti-influenced-by-salvador-dali\\\/#primaryimage\"},\"thumbnailUrl\":\"https:\\\/\\\/educationalevidence.com\\\/wp-content\\\/uploads\\\/2024\\\/04\\\/Dali.jpg\",\"datePublished\":\"2024-04-30T06:25:50+00:00\",\"description\":\"Beyond the cinema language and the extreme celebrity of his music after its appearance in kubrik films,\u00a0 the leading figure of \u00a0Ligeti has revealed himself as a key element for XX century avant-garde thanks to its subtle sound textures and the amount of hidden messages that contains.\",\"breadcrumb\":{\"@id\":\"https:\\\/\\\/educationalevidence.com\\\/en\\\/the-subtle-art-of-gyorgy-ligeti-influenced-by-salvador-dali\\\/#breadcrumb\"},\"inLanguage\":\"en-US\",\"potentialAction\":[{\"@type\":\"ReadAction\",\"target\":[\"https:\\\/\\\/educationalevidence.com\\\/en\\\/the-subtle-art-of-gyorgy-ligeti-influenced-by-salvador-dali\\\/\"]}]},{\"@type\":\"ImageObject\",\"inLanguage\":\"en-US\",\"@id\":\"https:\\\/\\\/educationalevidence.com\\\/en\\\/the-subtle-art-of-gyorgy-ligeti-influenced-by-salvador-dali\\\/#primaryimage\",\"url\":\"https:\\\/\\\/educationalevidence.com\\\/wp-content\\\/uploads\\\/2024\\\/04\\\/Dali.jpg\",\"contentUrl\":\"https:\\\/\\\/educationalevidence.com\\\/wp-content\\\/uploads\\\/2024\\\/04\\\/Dali.jpg\",\"width\":886,\"height\":665,\"caption\":\"Antonio Campoy from Madrid, Espa\u00f1a - LA PERSISTENCIA DE LA MEMORIA, CC BY 2.0, https:\\\/\\\/commons.wikimedia.org\\\/w\\\/index.php?curid=138975968\"},{\"@type\":\"BreadcrumbList\",\"@id\":\"https:\\\/\\\/educationalevidence.com\\\/en\\\/the-subtle-art-of-gyorgy-ligeti-influenced-by-salvador-dali\\\/#breadcrumb\",\"itemListElement\":[{\"@type\":\"ListItem\",\"position\":1,\"name\":\"Portada\",\"item\":\"https:\\\/\\\/educationalevidence.com\\\/en\\\/\"},{\"@type\":\"ListItem\",\"position\":2,\"name\":\"The subtle art of Gy\u00f6rgy Ligeti influenced by Salvador Dal\u00ed\"}]},{\"@type\":\"WebSite\",\"@id\":\"https:\\\/\\\/educationalevidence.com\\\/en\\\/#website\",\"url\":\"https:\\\/\\\/educationalevidence.com\\\/en\\\/\",\"name\":\"Educational Evidence\",\"description\":\"\",\"publisher\":{\"@id\":\"https:\\\/\\\/educationalevidence.com\\\/en\\\/#organization\"},\"potentialAction\":[{\"@type\":\"SearchAction\",\"target\":{\"@type\":\"EntryPoint\",\"urlTemplate\":\"https:\\\/\\\/educationalevidence.com\\\/en\\\/?s={search_term_string}\"},\"query-input\":{\"@type\":\"PropertyValueSpecification\",\"valueRequired\":true,\"valueName\":\"search_term_string\"}}],\"inLanguage\":\"en-US\"},{\"@type\":\"Organization\",\"@id\":\"https:\\\/\\\/educationalevidence.com\\\/en\\\/#organization\",\"name\":\"Educational Evidence\",\"url\":\"https:\\\/\\\/educationalevidence.com\\\/en\\\/\",\"logo\":{\"@type\":\"ImageObject\",\"inLanguage\":\"en-US\",\"@id\":\"https:\\\/\\\/educationalevidence.com\\\/en\\\/#\\\/schema\\\/logo\\\/image\\\/\",\"url\":\"https:\\\/\\\/educationalevidence.com\\\/wp-content\\\/uploads\\\/2023\\\/07\\\/educational_evidence_logo_horitzontal_blanc_negatiu.png\",\"contentUrl\":\"https:\\\/\\\/educationalevidence.com\\\/wp-content\\\/uploads\\\/2023\\\/07\\\/educational_evidence_logo_horitzontal_blanc_negatiu.png\",\"width\":3508,\"height\":1090,\"caption\":\"Educational Evidence\"},\"image\":{\"@id\":\"https:\\\/\\\/educationalevidence.com\\\/en\\\/#\\\/schema\\\/logo\\\/image\\\/\"}},{\"@type\":\"Person\",\"@id\":\"https:\\\/\\\/educationalevidence.com\\\/en\\\/#\\\/schema\\\/person\\\/91a8797f56f6a2e7ba6fd6297739bbf1\",\"name\":\"educational EVIDENCE\",\"image\":{\"@type\":\"ImageObject\",\"inLanguage\":\"en-US\",\"@id\":\"https:\\\/\\\/educationalevidence.com\\\/wp-content\\\/litespeed\\\/avatar\\\/e9888a11dc51b117a0209ebd4a5f884d.jpg?ver=1776848342\",\"url\":\"https:\\\/\\\/educationalevidence.com\\\/wp-content\\\/litespeed\\\/avatar\\\/e9888a11dc51b117a0209ebd4a5f884d.jpg?ver=1776848342\",\"contentUrl\":\"https:\\\/\\\/educationalevidence.com\\\/wp-content\\\/litespeed\\\/avatar\\\/e9888a11dc51b117a0209ebd4a5f884d.jpg?ver=1776848342\",\"caption\":\"educational EVIDENCE\"},\"sameAs\":[\"https:\\\/\\\/educationalevidence.com\\\/\"],\"url\":\"\"}]}<\/script>\n<!-- \/ Yoast SEO plugin. -->","yoast_head_json":{"title":"The subtle art of Gy\u00f6rgy Ligeti influenced by Salvador Dal\u00ed - Educational Evidence","description":"Beyond the cinema language and the extreme celebrity of his music after its appearance in kubrik films,\u00a0 the leading figure of \u00a0Ligeti has revealed himself as a key element for XX century avant-garde thanks to its subtle sound textures and the amount of hidden messages that contains.","robots":{"index":"index","follow":"follow","max-snippet":"max-snippet:-1","max-image-preview":"max-image-preview:large","max-video-preview":"max-video-preview:-1"},"canonical":"https:\/\/educationalevidence.com\/en\/the-subtle-art-of-gyorgy-ligeti-influenced-by-salvador-dali\/","og_locale":"en_US","og_type":"article","og_title":"The subtle art of Gy\u00f6rgy Ligeti influenced by Salvador Dal\u00ed - Educational Evidence","og_description":"Beyond the cinema language and the extreme celebrity of his music after its appearance in kubrik films,\u00a0 the leading figure of \u00a0Ligeti has revealed himself as a key element for XX century avant-garde thanks to its subtle sound textures and the amount of hidden messages that contains.","og_url":"https:\/\/educationalevidence.com\/en\/the-subtle-art-of-gyorgy-ligeti-influenced-by-salvador-dali\/","og_site_name":"Educational Evidence","article_published_time":"2024-04-30T06:25:50+00:00","og_image":[{"width":886,"height":665,"url":"https:\/\/educationalevidence.com\/wp-content\/uploads\/2024\/04\/Dali.jpg","type":"image\/jpeg"}],"author":"educational EVIDENCE","twitter_card":"summary_large_image","twitter_misc":{"Written by":"Marta Vela","Est. reading time":"5 minutes"},"schema":{"@context":"https:\/\/schema.org","@graph":[{"@type":"Article","@id":"https:\/\/educationalevidence.com\/en\/the-subtle-art-of-gyorgy-ligeti-influenced-by-salvador-dali\/#article","isPartOf":{"@id":"https:\/\/educationalevidence.com\/en\/the-subtle-art-of-gyorgy-ligeti-influenced-by-salvador-dali\/"},"author":{"name":"educational EVIDENCE","@id":"https:\/\/educationalevidence.com\/en\/#\/schema\/person\/91a8797f56f6a2e7ba6fd6297739bbf1"},"headline":"The subtle art of Gy\u00f6rgy Ligeti influenced by Salvador Dal\u00ed","datePublished":"2024-04-30T06:25:50+00:00","mainEntityOfPage":{"@id":"https:\/\/educationalevidence.com\/en\/the-subtle-art-of-gyorgy-ligeti-influenced-by-salvador-dali\/"},"wordCount":710,"commentCount":0,"publisher":{"@id":"https:\/\/educationalevidence.com\/en\/#organization"},"image":{"@id":"https:\/\/educationalevidence.com\/en\/the-subtle-art-of-gyorgy-ligeti-influenced-by-salvador-dali\/#primaryimage"},"thumbnailUrl":"https:\/\/educationalevidence.com\/wp-content\/uploads\/2024\/04\/Dali.jpg","keywords":["Gy\u00f6rgy Ligeti","integral Serialism","Salvador Dal\u00ed"],"articleSection":["Humanities"],"inLanguage":"en-US","potentialAction":[{"@type":"CommentAction","name":"Comment","target":["https:\/\/educationalevidence.com\/en\/the-subtle-art-of-gyorgy-ligeti-influenced-by-salvador-dali\/#respond"]}]},{"@type":"WebPage","@id":"https:\/\/educationalevidence.com\/en\/the-subtle-art-of-gyorgy-ligeti-influenced-by-salvador-dali\/","url":"https:\/\/educationalevidence.com\/en\/the-subtle-art-of-gyorgy-ligeti-influenced-by-salvador-dali\/","name":"The subtle art of Gy\u00f6rgy Ligeti influenced by Salvador Dal\u00ed - Educational Evidence","isPartOf":{"@id":"https:\/\/educationalevidence.com\/en\/#website"},"primaryImageOfPage":{"@id":"https:\/\/educationalevidence.com\/en\/the-subtle-art-of-gyorgy-ligeti-influenced-by-salvador-dali\/#primaryimage"},"image":{"@id":"https:\/\/educationalevidence.com\/en\/the-subtle-art-of-gyorgy-ligeti-influenced-by-salvador-dali\/#primaryimage"},"thumbnailUrl":"https:\/\/educationalevidence.com\/wp-content\/uploads\/2024\/04\/Dali.jpg","datePublished":"2024-04-30T06:25:50+00:00","description":"Beyond the cinema language and the extreme celebrity of his music after its appearance in kubrik films,\u00a0 the leading figure of \u00a0Ligeti has revealed himself as a key element for XX century avant-garde thanks to its subtle sound textures and the amount of hidden messages that contains.","breadcrumb":{"@id":"https:\/\/educationalevidence.com\/en\/the-subtle-art-of-gyorgy-ligeti-influenced-by-salvador-dali\/#breadcrumb"},"inLanguage":"en-US","potentialAction":[{"@type":"ReadAction","target":["https:\/\/educationalevidence.com\/en\/the-subtle-art-of-gyorgy-ligeti-influenced-by-salvador-dali\/"]}]},{"@type":"ImageObject","inLanguage":"en-US","@id":"https:\/\/educationalevidence.com\/en\/the-subtle-art-of-gyorgy-ligeti-influenced-by-salvador-dali\/#primaryimage","url":"https:\/\/educationalevidence.com\/wp-content\/uploads\/2024\/04\/Dali.jpg","contentUrl":"https:\/\/educationalevidence.com\/wp-content\/uploads\/2024\/04\/Dali.jpg","width":886,"height":665,"caption":"Antonio Campoy from Madrid, Espa\u00f1a - LA PERSISTENCIA DE LA MEMORIA, CC BY 2.0, https:\/\/commons.wikimedia.org\/w\/index.php?curid=138975968"},{"@type":"BreadcrumbList","@id":"https:\/\/educationalevidence.com\/en\/the-subtle-art-of-gyorgy-ligeti-influenced-by-salvador-dali\/#breadcrumb","itemListElement":[{"@type":"ListItem","position":1,"name":"Portada","item":"https:\/\/educationalevidence.com\/en\/"},{"@type":"ListItem","position":2,"name":"The subtle art of Gy\u00f6rgy Ligeti influenced by Salvador Dal\u00ed"}]},{"@type":"WebSite","@id":"https:\/\/educationalevidence.com\/en\/#website","url":"https:\/\/educationalevidence.com\/en\/","name":"Educational Evidence","description":"","publisher":{"@id":"https:\/\/educationalevidence.com\/en\/#organization"},"potentialAction":[{"@type":"SearchAction","target":{"@type":"EntryPoint","urlTemplate":"https:\/\/educationalevidence.com\/en\/?s={search_term_string}"},"query-input":{"@type":"PropertyValueSpecification","valueRequired":true,"valueName":"search_term_string"}}],"inLanguage":"en-US"},{"@type":"Organization","@id":"https:\/\/educationalevidence.com\/en\/#organization","name":"Educational Evidence","url":"https:\/\/educationalevidence.com\/en\/","logo":{"@type":"ImageObject","inLanguage":"en-US","@id":"https:\/\/educationalevidence.com\/en\/#\/schema\/logo\/image\/","url":"https:\/\/educationalevidence.com\/wp-content\/uploads\/2023\/07\/educational_evidence_logo_horitzontal_blanc_negatiu.png","contentUrl":"https:\/\/educationalevidence.com\/wp-content\/uploads\/2023\/07\/educational_evidence_logo_horitzontal_blanc_negatiu.png","width":3508,"height":1090,"caption":"Educational Evidence"},"image":{"@id":"https:\/\/educationalevidence.com\/en\/#\/schema\/logo\/image\/"}},{"@type":"Person","@id":"https:\/\/educationalevidence.com\/en\/#\/schema\/person\/91a8797f56f6a2e7ba6fd6297739bbf1","name":"educational EVIDENCE","image":{"@type":"ImageObject","inLanguage":"en-US","@id":"https:\/\/educationalevidence.com\/wp-content\/litespeed\/avatar\/e9888a11dc51b117a0209ebd4a5f884d.jpg?ver=1776848342","url":"https:\/\/educationalevidence.com\/wp-content\/litespeed\/avatar\/e9888a11dc51b117a0209ebd4a5f884d.jpg?ver=1776848342","contentUrl":"https:\/\/educationalevidence.com\/wp-content\/litespeed\/avatar\/e9888a11dc51b117a0209ebd4a5f884d.jpg?ver=1776848342","caption":"educational EVIDENCE"},"sameAs":["https:\/\/educationalevidence.com\/"],"url":""}]}},"_links":{"self":[{"href":"https:\/\/educationalevidence.com\/en\/wp-json\/wp\/v2\/posts\/15326","targetHints":{"allow":["GET"]}}],"collection":[{"href":"https:\/\/educationalevidence.com\/en\/wp-json\/wp\/v2\/posts"}],"about":[{"href":"https:\/\/educationalevidence.com\/en\/wp-json\/wp\/v2\/types\/post"}],"author":[{"embeddable":true,"href":"https:\/\/educationalevidence.com\/en\/wp-json\/wp\/v2\/users\/4"}],"replies":[{"embeddable":true,"href":"https:\/\/educationalevidence.com\/en\/wp-json\/wp\/v2\/comments?post=15326"}],"version-history":[{"count":3,"href":"https:\/\/educationalevidence.com\/en\/wp-json\/wp\/v2\/posts\/15326\/revisions"}],"predecessor-version":[{"id":15329,"href":"https:\/\/educationalevidence.com\/en\/wp-json\/wp\/v2\/posts\/15326\/revisions\/15329"}],"wp:featuredmedia":[{"embeddable":true,"href":"https:\/\/educationalevidence.com\/en\/wp-json\/wp\/v2\/media\/15123"}],"wp:attachment":[{"href":"https:\/\/educationalevidence.com\/en\/wp-json\/wp\/v2\/media?parent=15326"}],"wp:term":[{"taxonomy":"category","embeddable":true,"href":"https:\/\/educationalevidence.com\/en\/wp-json\/wp\/v2\/categories?post=15326"},{"taxonomy":"post_tag","embeddable":true,"href":"https:\/\/educationalevidence.com\/en\/wp-json\/wp\/v2\/tags?post=15326"}],"curies":[{"name":"wp","href":"https:\/\/api.w.org\/{rel}","templated":true}]}}