{"id":34684,"date":"2026-04-30T08:48:26","date_gmt":"2026-04-30T06:48:26","guid":{"rendered":"https:\/\/educationalevidence.com\/?p=34684"},"modified":"2026-04-30T08:48:39","modified_gmt":"2026-04-30T06:48:39","slug":"lescola-inclusiva-un-experiment-fallit","status":"publish","type":"post","link":"https:\/\/educationalevidence.com\/ca\/lescola-inclusiva-un-experiment-fallit\/","title":{"rendered":"L\u2019escola inclusiva: un experiment fallit?"},"content":{"rendered":"<p>Alg\u00fa s&#8217;atreviria a construir un pont de Barcelona a Mallorca i despr\u00e9s deixar-lo a mig fer per falta de pressupost? \/ Foto creada mitjan\u00e7ant IA.<\/p>\n<p>&nbsp;<\/p>\n<p><a style=\"display: inline-block;\" href=\"https:\/\/creativecommons.org\/licenses\/by-nc-nd\/4.0\/deed.ca\" target=\"_blank\" rel=\"license noopener noreferrer\">Llic\u00e8ncia Creative Commons<img decoding=\"async\" style=\"height: 22px!important; margin-left: 3px; vertical-align: text-bottom;\" src=\"https:\/\/mirrors.creativecommons.org\/presskit\/icons\/cc.svg?ref=chooser-v1\" \/><img decoding=\"async\" style=\"height: 22px!important; margin-left: 3px; vertical-align: text-bottom;\" src=\"https:\/\/mirrors.creativecommons.org\/presskit\/icons\/by.svg?ref=chooser-v1\" \/><img decoding=\"async\" style=\"height: 22px!important; margin-left: 3px; vertical-align: text-bottom;\" src=\"https:\/\/mirrors.creativecommons.org\/presskit\/icons\/nc.svg?ref=chooser-v1\" \/><img decoding=\"async\" style=\"height: 22px!important; margin-left: 3px; vertical-align: text-bottom;\" src=\"https:\/\/mirrors.creativecommons.org\/presskit\/icons\/nd.svg?ref=chooser-v1\" \/><\/a><\/p>\n<p><img decoding=\"async\" class=\"alignleft wp-image-16875\" src=\"https:\/\/educationalevidence.com\/wp-content\/uploads\/2024\/05\/Josep-Oton_150-149x150-1.jpg\" alt=\"\" width=\"70\" height=\"70\" \/><\/p>\n<p>&nbsp;<\/p>\n<p><strong>Josep Oton<\/strong><\/p>\n<p>&nbsp;<\/p>\n<p>S\u2019atribueix a l&#8217;antrop\u00f2loga <strong>Margaret Mead<\/strong> una an\u00e8cdota sobre l\u2019inici de la humanitat. Quan se li va preguntar quin va ser el <strong>primer signe de civilitzaci\u00f3<\/strong>, hom esperava que es refer\u00eds a un estri, una t\u00e8cnica o una manifestaci\u00f3 art\u00edstica. En canvi, la seva resposta no va ser cap eina, sin\u00f3 un f\u00e8mur fracturat i curat. Aquest os soldat indicava que alg\u00fa va ajudar una persona vulnerable a sobreviure i recuperar-se, en lloc d&#8217;abandonar-la i deixar-la morir. Aquesta resta paleontol\u00f2gica assenyala el <strong>naixement de la cooperaci\u00f3<\/strong> i de l&#8217;<strong>\u00e8tica de la cura<\/strong>, que, al seu torn, marquen el comen\u00e7ament de la <strong>civilitzaci\u00f3 humana<\/strong>.<\/p>\n<p>A hores d\u2019ara, la preocupaci\u00f3 pels qui pateixen especials dificultats a la vida \u00e9s un signe evident del progr\u00e9s moral de la nostra societat. El <strong>sistema educatiu<\/strong> es fa ress\u00f2 d\u2019aquesta sensibilitat envers els m\u00e9s vulnerables. D\u2019aqu\u00ed que ning\u00fa discuteixi el dret de tothom, no tan sols a ser cuidat, sin\u00f3, tamb\u00e9, a rebre la formaci\u00f3 acad\u00e8mica que li permeti <strong>desenvolupar-se<\/strong> com a persona i com a ciutad\u00e0.<\/p>\n<p>Ara b\u00e9, si l\u2019acord sobre l\u2019escolaritzaci\u00f3 del conjunt de la poblaci\u00f3, inclosos els qui manifesten alguna discapacitat, \u00e9s un\u00e0nime, no existeix el mateix consens a l\u2019hora de determinar com fer-ho.<\/p>\n<p>Aviat far\u00e0 deu anys que la Generalitat de Catalunya va aprovar el decret de l&#8217;atenci\u00f3 educativa a l&#8217;alumnat en el marc d&#8217;un <strong>sistema educatiu inclusiu<\/strong>. El criteri b\u00e0sic defensat en aquesta norma \u00e9s el seg\u00fcent: tots els alumnes s&#8217;han escolaritzar en centres educatius ordinaris i, excepcionalment, les fam\u00edlies poden sol\u00b7licitar l&#8217;escolaritzaci\u00f3 dels seus fills en un centre d&#8217;educaci\u00f3 especial.<\/p>\n<p>Aquest <strong>car\u00e0cter excepcional dels centres d\u2019educaci\u00f3 especial<\/strong> i la voluntat d\u2019atendre l\u2019alumnat amb necessitats educatives particulars en els centres ordinaris s\u2019ha convertit en el gran cavall de batalla. Mentre uns consideren que promoure l\u2019educaci\u00f3 especial \u00e9s defensar un sistema segregador, altres denuncien que atendre l\u2019\u00e0mplia diversitat en una mateixa aula \u00e9s inoperatiu i, fins i tot, contraproduent. Tal vegada es vol derivar el debat a un dilema \u00e8tic, per\u00f2, de fet, es tracta d\u2019una <strong>q\u00fcesti\u00f3 metodol\u00f2gica que cal avaluar.<\/strong><\/p>\n<p>Despr\u00e9s de deu anys d\u2019aplicaci\u00f3, els resultats haurien de mostrar la conveni\u00e8ncia, o no, d\u2019aquest model. Ara b\u00e9, s\u2019estan fent estudis pertinents per saber com ha funcionat l\u2019escola inclusiva? Disposem d\u2019evid\u00e8ncies que demostrin si l\u2019alumnat amb necessitats especials est\u00e0 millor at\u00e8s en els centres ordinaris?<\/p>\n<p>Quan es plantegen aquestes preguntes sovint la resposta \u00e9s la mateixa: la idea \u00e9s correcta, per\u00f2 manquen els recursos suficients. Tanmateix, si una idea \u00e9s bona sobre el paper, per\u00f2 no ho \u00e9s quan es porta a la pr\u00e0ctica, segurament la ra\u00f3 no \u00e9s altra sin\u00f3 que la idea, de fet, no \u00e9s tan adient. Dir que la realitat no s\u2019adapta a la idea implica defensar un<strong> idealisme ingenu<\/strong> o, pitjor encara, <strong>totalitari<\/strong>.<\/p>\n<p>Alg\u00fa s\u2019atreviria a construir un pont de Barcelona a Mallorca i despr\u00e9s deixar-lo a mitges per manca de pressupost? No acusar\u00edem els pol\u00edtics de malbaratar recursos i expectatives? No pensar\u00edem que ens estan venent una idea brillant per sortir a les portades dels diaris? No considerar\u00edem que es tracta d\u2019una fake news? Engegar un projecte sense els recursos necessaris \u00e9s una temeritat, una irresponsabilitat i una estafa.<\/p>\n<p>Potser l\u2019escola inclusiva \u00e9s un anhel col\u00b7lectiu admirable, per\u00f2, tal vegada, inviable. Sovint, apliquem a l\u2019ensenyament idees insostenibles en altres \u00e0rees. Alg\u00fa s\u2019imagina transformar els Centres d\u2019Atenci\u00f3 Prim\u00e0ria en Centres M\u00e8dics d\u2019Atenci\u00f3 Integral on es practiquessin tractaments cl\u00ednics mentre es tanquen els hospitals? Alg\u00fa pensa en una acad\u00e8mia d\u2019idiomes on, per fomentar la germanor, s\u2019estudi\u00e9s en la mateixa aula catal\u00e0, angl\u00e8s, franc\u00e8s, alemany i xin\u00e9s? O un entrenador que hagu\u00e9s de preparar alhora i en la mateixa pista esportiva els jugadors de futbol, b\u00e0squet, rugbi i handbol? <strong>Una cosa s\u00f3n les idees i una altra la realitat<\/strong>. Els nostres infants i joves mereixen ser atesos segons les seves necessitats, no segons principis te\u00f2rics dissenyats en un despatx.<\/p>\n<p>El fet \u00e9s que, deu anys despr\u00e9s d\u2019imposar-se una metodologia pedag\u00f2gica que ha modificat substancialment el model educatiu, ning\u00fa est\u00e0 satisfet ni veu que hagi funcionat. Els docents estan desbordats i l\u2019alumnat no est\u00e0 ben at\u00e8s, ni uns ni altres. Tant d\u2019esfor\u00e7 no ha servit per a gaire. Els nivells han baixat. Les fam\u00edlies estan insatisfetes.<\/p>\n<p>Molts pensen que si s\u2019invertissin m\u00e9s recursos aniria millor, o no. Per\u00f2, potser, el problema no sigui nom\u00e9s de finan\u00e7ament, sin\u00f3 de<strong> viabilitat del model<\/strong>. Per tant, el que s\u00ed fa falta \u00e9s avaluar l\u2019opci\u00f3 metodol\u00f2gica de l\u2019<strong>escola inclusiva<\/strong> i rectificar si cal. Mentrestant, el sistema est\u00e0 naufragant i molts infants i joves no reben l\u2019atenci\u00f3 que mereixen i necessiten, perqu\u00e8 ens obcequem en defensar una idea, no unes persones.<\/p>\n<hr \/>\n<p>Font:\u00a0<strong>educational EVIDENCE<\/strong><\/p>\n<p>Drets:\u00a0<strong>Creative Commons<\/strong><\/p>\n","protected":false},"excerpt":{"rendered":"<p>S\u2019atribueix a l&#8217;antrop\u00f2loga Margaret Mead una an\u00e8cdota sobre l\u2019inici de la humanitat. Quan se li va preguntar quin va ser el primer signe de civilitzaci\u00f3, hom esperava que es refer\u00eds a un estri, una t\u00e8cnica o una manifestaci\u00f3 art\u00edstica. En canvi, la seva resposta no va ser cap eina, sin\u00f3 un f\u00e8mur fracturat i curat.<\/p>\n","protected":false},"author":4,"featured_media":34678,"comment_status":"open","ping_status":"open","sticky":false,"template":"","format":"standard","meta":{"_FSMCFIC_featured_image_caption":"","_FSMCFIC_featured_image_nocaption":"","_FSMCFIC_featured_image_hide":"","footnotes":""},"categories":[245],"tags":[4416,346,305],"class_list":["post-34684","post","type-post","status-publish","format-standard","has-post-thumbnail","hentry","category-portada-ca","tag-cooperacio","tag-escola-inclusiva","tag-sistema-educatiu"],"yoast_head":"<!-- This site is optimized with the Yoast SEO plugin v27.5 - https:\/\/yoast.com\/product\/yoast-seo-wordpress\/ -->\n<title>L\u2019escola inclusiva: un experiment fallit? - Educational Evidence<\/title>\n<meta name=\"description\" content=\"S\u2019atribueix a l&#039;antrop\u00f2loga Margaret Mead una an\u00e8cdota sobre l\u2019inici de la humanitat. Quan se li va preguntar quin va ser el primer signe de civilitzaci\u00f3, hom esperava que es refer\u00eds a un estri, una t\u00e8cnica o una manifestaci\u00f3 art\u00edstica. En canvi, la seva resposta no va ser cap eina, sin\u00f3 un f\u00e8mur fracturat i curat.\" \/>\n<meta name=\"robots\" content=\"index, follow, max-snippet:-1, max-image-preview:large, max-video-preview:-1\" \/>\n<link rel=\"canonical\" href=\"https:\/\/educationalevidence.com\/ca\/lescola-inclusiva-un-experiment-fallit\/\" \/>\n<meta property=\"og:locale\" content=\"ca_ES\" \/>\n<meta property=\"og:type\" content=\"article\" \/>\n<meta property=\"og:title\" content=\"L\u2019escola inclusiva: un experiment fallit? - Educational Evidence\" \/>\n<meta property=\"og:description\" content=\"S\u2019atribueix a l&#039;antrop\u00f2loga Margaret Mead una an\u00e8cdota sobre l\u2019inici de la humanitat. Quan se li va preguntar quin va ser el primer signe de civilitzaci\u00f3, hom esperava que es refer\u00eds a un estri, una t\u00e8cnica o una manifestaci\u00f3 art\u00edstica. En canvi, la seva resposta no va ser cap eina, sin\u00f3 un f\u00e8mur fracturat i curat.\" \/>\n<meta property=\"og:url\" content=\"https:\/\/educationalevidence.com\/ca\/lescola-inclusiva-un-experiment-fallit\/\" \/>\n<meta property=\"og:site_name\" content=\"Educational Evidence\" \/>\n<meta property=\"article:published_time\" content=\"2026-04-30T06:48:26+00:00\" \/>\n<meta property=\"article:modified_time\" content=\"2026-04-30T06:48:39+00:00\" \/>\n<meta property=\"og:image\" content=\"https:\/\/educationalevidence.com\/wp-content\/uploads\/2026\/04\/pont-entre-Bcn-i-Mallorca.jpg\" \/>\n\t<meta property=\"og:image:width\" content=\"900\" \/>\n\t<meta property=\"og:image:height\" content=\"600\" \/>\n\t<meta property=\"og:image:type\" content=\"image\/jpeg\" \/>\n<meta name=\"author\" content=\"educational EVIDENCE\" \/>\n<meta name=\"twitter:card\" content=\"summary_large_image\" \/>\n<meta name=\"twitter:label1\" content=\"Escrit per\" \/>\n\t<meta name=\"twitter:data1\" content=\"Josep Oton\" \/>\n\t<meta name=\"twitter:label2\" content=\"Temps estimat de lectura\" \/>\n\t<meta name=\"twitter:data2\" content=\"5 minuts\" \/>\n<script type=\"application\/ld+json\" class=\"yoast-schema-graph\">{\"@context\":\"https:\\\/\\\/schema.org\",\"@graph\":[{\"@type\":\"Article\",\"@id\":\"https:\\\/\\\/educationalevidence.com\\\/ca\\\/lescola-inclusiva-un-experiment-fallit\\\/#article\",\"isPartOf\":{\"@id\":\"https:\\\/\\\/educationalevidence.com\\\/ca\\\/lescola-inclusiva-un-experiment-fallit\\\/\"},\"author\":{\"name\":\"educational EVIDENCE\",\"@id\":\"https:\\\/\\\/educationalevidence.com\\\/ca\\\/#\\\/schema\\\/person\\\/91a8797f56f6a2e7ba6fd6297739bbf1\"},\"headline\":\"L\u2019escola inclusiva: un experiment fallit?\",\"datePublished\":\"2026-04-30T06:48:26+00:00\",\"dateModified\":\"2026-04-30T06:48:39+00:00\",\"mainEntityOfPage\":{\"@id\":\"https:\\\/\\\/educationalevidence.com\\\/ca\\\/lescola-inclusiva-un-experiment-fallit\\\/\"},\"wordCount\":911,\"commentCount\":0,\"publisher\":{\"@id\":\"https:\\\/\\\/educationalevidence.com\\\/ca\\\/#organization\"},\"image\":{\"@id\":\"https:\\\/\\\/educationalevidence.com\\\/ca\\\/lescola-inclusiva-un-experiment-fallit\\\/#primaryimage\"},\"thumbnailUrl\":\"https:\\\/\\\/educationalevidence.com\\\/wp-content\\\/uploads\\\/2026\\\/04\\\/pont-entre-Bcn-i-Mallorca.jpg\",\"keywords\":[\"cooperaci\u00f3\",\"escola inclusiva\",\"sistema educatiu\"],\"articleSection\":[\"Portada CA\"],\"inLanguage\":\"ca\",\"potentialAction\":[{\"@type\":\"CommentAction\",\"name\":\"Comment\",\"target\":[\"https:\\\/\\\/educationalevidence.com\\\/ca\\\/lescola-inclusiva-un-experiment-fallit\\\/#respond\"]}]},{\"@type\":\"WebPage\",\"@id\":\"https:\\\/\\\/educationalevidence.com\\\/ca\\\/lescola-inclusiva-un-experiment-fallit\\\/\",\"url\":\"https:\\\/\\\/educationalevidence.com\\\/ca\\\/lescola-inclusiva-un-experiment-fallit\\\/\",\"name\":\"L\u2019escola inclusiva: un experiment fallit? - Educational Evidence\",\"isPartOf\":{\"@id\":\"https:\\\/\\\/educationalevidence.com\\\/ca\\\/#website\"},\"primaryImageOfPage\":{\"@id\":\"https:\\\/\\\/educationalevidence.com\\\/ca\\\/lescola-inclusiva-un-experiment-fallit\\\/#primaryimage\"},\"image\":{\"@id\":\"https:\\\/\\\/educationalevidence.com\\\/ca\\\/lescola-inclusiva-un-experiment-fallit\\\/#primaryimage\"},\"thumbnailUrl\":\"https:\\\/\\\/educationalevidence.com\\\/wp-content\\\/uploads\\\/2026\\\/04\\\/pont-entre-Bcn-i-Mallorca.jpg\",\"datePublished\":\"2026-04-30T06:48:26+00:00\",\"dateModified\":\"2026-04-30T06:48:39+00:00\",\"description\":\"S\u2019atribueix a l'antrop\u00f2loga Margaret Mead una an\u00e8cdota sobre l\u2019inici de la humanitat. Quan se li va preguntar quin va ser el primer signe de civilitzaci\u00f3, hom esperava que es refer\u00eds a un estri, una t\u00e8cnica o una manifestaci\u00f3 art\u00edstica. En canvi, la seva resposta no va ser cap eina, sin\u00f3 un f\u00e8mur fracturat i curat.\",\"breadcrumb\":{\"@id\":\"https:\\\/\\\/educationalevidence.com\\\/ca\\\/lescola-inclusiva-un-experiment-fallit\\\/#breadcrumb\"},\"inLanguage\":\"ca\",\"potentialAction\":[{\"@type\":\"ReadAction\",\"target\":[\"https:\\\/\\\/educationalevidence.com\\\/ca\\\/lescola-inclusiva-un-experiment-fallit\\\/\"]}]},{\"@type\":\"ImageObject\",\"inLanguage\":\"ca\",\"@id\":\"https:\\\/\\\/educationalevidence.com\\\/ca\\\/lescola-inclusiva-un-experiment-fallit\\\/#primaryimage\",\"url\":\"https:\\\/\\\/educationalevidence.com\\\/wp-content\\\/uploads\\\/2026\\\/04\\\/pont-entre-Bcn-i-Mallorca.jpg\",\"contentUrl\":\"https:\\\/\\\/educationalevidence.com\\\/wp-content\\\/uploads\\\/2026\\\/04\\\/pont-entre-Bcn-i-Mallorca.jpg\",\"width\":900,\"height\":600},{\"@type\":\"BreadcrumbList\",\"@id\":\"https:\\\/\\\/educationalevidence.com\\\/ca\\\/lescola-inclusiva-un-experiment-fallit\\\/#breadcrumb\",\"itemListElement\":[{\"@type\":\"ListItem\",\"position\":1,\"name\":\"Portada\",\"item\":\"https:\\\/\\\/educationalevidence.com\\\/ca\\\/\"},{\"@type\":\"ListItem\",\"position\":2,\"name\":\"L\u2019escola inclusiva: un experiment fallit?\"}]},{\"@type\":\"WebSite\",\"@id\":\"https:\\\/\\\/educationalevidence.com\\\/ca\\\/#website\",\"url\":\"https:\\\/\\\/educationalevidence.com\\\/ca\\\/\",\"name\":\"Educational Evidence\",\"description\":\"\",\"publisher\":{\"@id\":\"https:\\\/\\\/educationalevidence.com\\\/ca\\\/#organization\"},\"potentialAction\":[{\"@type\":\"SearchAction\",\"target\":{\"@type\":\"EntryPoint\",\"urlTemplate\":\"https:\\\/\\\/educationalevidence.com\\\/ca\\\/?s={search_term_string}\"},\"query-input\":{\"@type\":\"PropertyValueSpecification\",\"valueRequired\":true,\"valueName\":\"search_term_string\"}}],\"inLanguage\":\"ca\"},{\"@type\":\"Organization\",\"@id\":\"https:\\\/\\\/educationalevidence.com\\\/ca\\\/#organization\",\"name\":\"Educational Evidence\",\"url\":\"https:\\\/\\\/educationalevidence.com\\\/ca\\\/\",\"logo\":{\"@type\":\"ImageObject\",\"inLanguage\":\"ca\",\"@id\":\"https:\\\/\\\/educationalevidence.com\\\/ca\\\/#\\\/schema\\\/logo\\\/image\\\/\",\"url\":\"https:\\\/\\\/educationalevidence.com\\\/wp-content\\\/uploads\\\/2023\\\/07\\\/educational_evidence_logo_horitzontal_blanc_negatiu.png\",\"contentUrl\":\"https:\\\/\\\/educationalevidence.com\\\/wp-content\\\/uploads\\\/2023\\\/07\\\/educational_evidence_logo_horitzontal_blanc_negatiu.png\",\"width\":3508,\"height\":1090,\"caption\":\"Educational Evidence\"},\"image\":{\"@id\":\"https:\\\/\\\/educationalevidence.com\\\/ca\\\/#\\\/schema\\\/logo\\\/image\\\/\"}},{\"@type\":\"Person\",\"@id\":\"https:\\\/\\\/educationalevidence.com\\\/ca\\\/#\\\/schema\\\/person\\\/91a8797f56f6a2e7ba6fd6297739bbf1\",\"name\":\"educational EVIDENCE\",\"image\":{\"@type\":\"ImageObject\",\"inLanguage\":\"ca\",\"@id\":\"https:\\\/\\\/educationalevidence.com\\\/wp-content\\\/litespeed\\\/avatar\\\/e9888a11dc51b117a0209ebd4a5f884d.jpg?ver=1777453195\",\"url\":\"https:\\\/\\\/educationalevidence.com\\\/wp-content\\\/litespeed\\\/avatar\\\/e9888a11dc51b117a0209ebd4a5f884d.jpg?ver=1777453195\",\"contentUrl\":\"https:\\\/\\\/educationalevidence.com\\\/wp-content\\\/litespeed\\\/avatar\\\/e9888a11dc51b117a0209ebd4a5f884d.jpg?ver=1777453195\",\"caption\":\"educational EVIDENCE\"},\"sameAs\":[\"https:\\\/\\\/educationalevidence.com\\\/\"],\"url\":\"\"}]}<\/script>\n<!-- \/ Yoast SEO plugin. -->","yoast_head_json":{"title":"L\u2019escola inclusiva: un experiment fallit? - Educational Evidence","description":"S\u2019atribueix a l'antrop\u00f2loga Margaret Mead una an\u00e8cdota sobre l\u2019inici de la humanitat. Quan se li va preguntar quin va ser el primer signe de civilitzaci\u00f3, hom esperava que es refer\u00eds a un estri, una t\u00e8cnica o una manifestaci\u00f3 art\u00edstica. En canvi, la seva resposta no va ser cap eina, sin\u00f3 un f\u00e8mur fracturat i curat.","robots":{"index":"index","follow":"follow","max-snippet":"max-snippet:-1","max-image-preview":"max-image-preview:large","max-video-preview":"max-video-preview:-1"},"canonical":"https:\/\/educationalevidence.com\/ca\/lescola-inclusiva-un-experiment-fallit\/","og_locale":"ca_ES","og_type":"article","og_title":"L\u2019escola inclusiva: un experiment fallit? - Educational Evidence","og_description":"S\u2019atribueix a l'antrop\u00f2loga Margaret Mead una an\u00e8cdota sobre l\u2019inici de la humanitat. Quan se li va preguntar quin va ser el primer signe de civilitzaci\u00f3, hom esperava que es refer\u00eds a un estri, una t\u00e8cnica o una manifestaci\u00f3 art\u00edstica. En canvi, la seva resposta no va ser cap eina, sin\u00f3 un f\u00e8mur fracturat i curat.","og_url":"https:\/\/educationalevidence.com\/ca\/lescola-inclusiva-un-experiment-fallit\/","og_site_name":"Educational Evidence","article_published_time":"2026-04-30T06:48:26+00:00","article_modified_time":"2026-04-30T06:48:39+00:00","og_image":[{"width":900,"height":600,"url":"https:\/\/educationalevidence.com\/wp-content\/uploads\/2026\/04\/pont-entre-Bcn-i-Mallorca.jpg","type":"image\/jpeg"}],"author":"educational EVIDENCE","twitter_card":"summary_large_image","twitter_misc":{"Escrit per":"Josep Oton","Temps estimat de lectura":"5 minuts"},"schema":{"@context":"https:\/\/schema.org","@graph":[{"@type":"Article","@id":"https:\/\/educationalevidence.com\/ca\/lescola-inclusiva-un-experiment-fallit\/#article","isPartOf":{"@id":"https:\/\/educationalevidence.com\/ca\/lescola-inclusiva-un-experiment-fallit\/"},"author":{"name":"educational EVIDENCE","@id":"https:\/\/educationalevidence.com\/ca\/#\/schema\/person\/91a8797f56f6a2e7ba6fd6297739bbf1"},"headline":"L\u2019escola inclusiva: un experiment fallit?","datePublished":"2026-04-30T06:48:26+00:00","dateModified":"2026-04-30T06:48:39+00:00","mainEntityOfPage":{"@id":"https:\/\/educationalevidence.com\/ca\/lescola-inclusiva-un-experiment-fallit\/"},"wordCount":911,"commentCount":0,"publisher":{"@id":"https:\/\/educationalevidence.com\/ca\/#organization"},"image":{"@id":"https:\/\/educationalevidence.com\/ca\/lescola-inclusiva-un-experiment-fallit\/#primaryimage"},"thumbnailUrl":"https:\/\/educationalevidence.com\/wp-content\/uploads\/2026\/04\/pont-entre-Bcn-i-Mallorca.jpg","keywords":["cooperaci\u00f3","escola inclusiva","sistema educatiu"],"articleSection":["Portada CA"],"inLanguage":"ca","potentialAction":[{"@type":"CommentAction","name":"Comment","target":["https:\/\/educationalevidence.com\/ca\/lescola-inclusiva-un-experiment-fallit\/#respond"]}]},{"@type":"WebPage","@id":"https:\/\/educationalevidence.com\/ca\/lescola-inclusiva-un-experiment-fallit\/","url":"https:\/\/educationalevidence.com\/ca\/lescola-inclusiva-un-experiment-fallit\/","name":"L\u2019escola inclusiva: un experiment fallit? - Educational Evidence","isPartOf":{"@id":"https:\/\/educationalevidence.com\/ca\/#website"},"primaryImageOfPage":{"@id":"https:\/\/educationalevidence.com\/ca\/lescola-inclusiva-un-experiment-fallit\/#primaryimage"},"image":{"@id":"https:\/\/educationalevidence.com\/ca\/lescola-inclusiva-un-experiment-fallit\/#primaryimage"},"thumbnailUrl":"https:\/\/educationalevidence.com\/wp-content\/uploads\/2026\/04\/pont-entre-Bcn-i-Mallorca.jpg","datePublished":"2026-04-30T06:48:26+00:00","dateModified":"2026-04-30T06:48:39+00:00","description":"S\u2019atribueix a l'antrop\u00f2loga Margaret Mead una an\u00e8cdota sobre l\u2019inici de la humanitat. Quan se li va preguntar quin va ser el primer signe de civilitzaci\u00f3, hom esperava que es refer\u00eds a un estri, una t\u00e8cnica o una manifestaci\u00f3 art\u00edstica. En canvi, la seva resposta no va ser cap eina, sin\u00f3 un f\u00e8mur fracturat i curat.","breadcrumb":{"@id":"https:\/\/educationalevidence.com\/ca\/lescola-inclusiva-un-experiment-fallit\/#breadcrumb"},"inLanguage":"ca","potentialAction":[{"@type":"ReadAction","target":["https:\/\/educationalevidence.com\/ca\/lescola-inclusiva-un-experiment-fallit\/"]}]},{"@type":"ImageObject","inLanguage":"ca","@id":"https:\/\/educationalevidence.com\/ca\/lescola-inclusiva-un-experiment-fallit\/#primaryimage","url":"https:\/\/educationalevidence.com\/wp-content\/uploads\/2026\/04\/pont-entre-Bcn-i-Mallorca.jpg","contentUrl":"https:\/\/educationalevidence.com\/wp-content\/uploads\/2026\/04\/pont-entre-Bcn-i-Mallorca.jpg","width":900,"height":600},{"@type":"BreadcrumbList","@id":"https:\/\/educationalevidence.com\/ca\/lescola-inclusiva-un-experiment-fallit\/#breadcrumb","itemListElement":[{"@type":"ListItem","position":1,"name":"Portada","item":"https:\/\/educationalevidence.com\/ca\/"},{"@type":"ListItem","position":2,"name":"L\u2019escola inclusiva: un experiment fallit?"}]},{"@type":"WebSite","@id":"https:\/\/educationalevidence.com\/ca\/#website","url":"https:\/\/educationalevidence.com\/ca\/","name":"Educational Evidence","description":"","publisher":{"@id":"https:\/\/educationalevidence.com\/ca\/#organization"},"potentialAction":[{"@type":"SearchAction","target":{"@type":"EntryPoint","urlTemplate":"https:\/\/educationalevidence.com\/ca\/?s={search_term_string}"},"query-input":{"@type":"PropertyValueSpecification","valueRequired":true,"valueName":"search_term_string"}}],"inLanguage":"ca"},{"@type":"Organization","@id":"https:\/\/educationalevidence.com\/ca\/#organization","name":"Educational Evidence","url":"https:\/\/educationalevidence.com\/ca\/","logo":{"@type":"ImageObject","inLanguage":"ca","@id":"https:\/\/educationalevidence.com\/ca\/#\/schema\/logo\/image\/","url":"https:\/\/educationalevidence.com\/wp-content\/uploads\/2023\/07\/educational_evidence_logo_horitzontal_blanc_negatiu.png","contentUrl":"https:\/\/educationalevidence.com\/wp-content\/uploads\/2023\/07\/educational_evidence_logo_horitzontal_blanc_negatiu.png","width":3508,"height":1090,"caption":"Educational Evidence"},"image":{"@id":"https:\/\/educationalevidence.com\/ca\/#\/schema\/logo\/image\/"}},{"@type":"Person","@id":"https:\/\/educationalevidence.com\/ca\/#\/schema\/person\/91a8797f56f6a2e7ba6fd6297739bbf1","name":"educational EVIDENCE","image":{"@type":"ImageObject","inLanguage":"ca","@id":"https:\/\/educationalevidence.com\/wp-content\/litespeed\/avatar\/e9888a11dc51b117a0209ebd4a5f884d.jpg?ver=1777453195","url":"https:\/\/educationalevidence.com\/wp-content\/litespeed\/avatar\/e9888a11dc51b117a0209ebd4a5f884d.jpg?ver=1777453195","contentUrl":"https:\/\/educationalevidence.com\/wp-content\/litespeed\/avatar\/e9888a11dc51b117a0209ebd4a5f884d.jpg?ver=1777453195","caption":"educational EVIDENCE"},"sameAs":["https:\/\/educationalevidence.com\/"],"url":""}]}},"_links":{"self":[{"href":"https:\/\/educationalevidence.com\/ca\/wp-json\/wp\/v2\/posts\/34684","targetHints":{"allow":["GET"]}}],"collection":[{"href":"https:\/\/educationalevidence.com\/ca\/wp-json\/wp\/v2\/posts"}],"about":[{"href":"https:\/\/educationalevidence.com\/ca\/wp-json\/wp\/v2\/types\/post"}],"author":[{"embeddable":true,"href":"https:\/\/educationalevidence.com\/ca\/wp-json\/wp\/v2\/users\/4"}],"replies":[{"embeddable":true,"href":"https:\/\/educationalevidence.com\/ca\/wp-json\/wp\/v2\/comments?post=34684"}],"version-history":[{"count":9,"href":"https:\/\/educationalevidence.com\/ca\/wp-json\/wp\/v2\/posts\/34684\/revisions"}],"predecessor-version":[{"id":34956,"href":"https:\/\/educationalevidence.com\/ca\/wp-json\/wp\/v2\/posts\/34684\/revisions\/34956"}],"wp:featuredmedia":[{"embeddable":true,"href":"https:\/\/educationalevidence.com\/ca\/wp-json\/wp\/v2\/media\/34678"}],"wp:attachment":[{"href":"https:\/\/educationalevidence.com\/ca\/wp-json\/wp\/v2\/media?parent=34684"}],"wp:term":[{"taxonomy":"category","embeddable":true,"href":"https:\/\/educationalevidence.com\/ca\/wp-json\/wp\/v2\/categories?post=34684"},{"taxonomy":"post_tag","embeddable":true,"href":"https:\/\/educationalevidence.com\/ca\/wp-json\/wp\/v2\/tags?post=34684"}],"curies":[{"name":"wp","href":"https:\/\/api.w.org\/{rel}","templated":true}]}}