{"id":32946,"date":"2026-02-03T08:43:30","date_gmt":"2026-02-03T07:43:30","guid":{"rendered":"https:\/\/educationalevidence.com\/?p=32946"},"modified":"2026-02-03T08:43:57","modified_gmt":"2026-02-03T07:43:57","slug":"inundacions-a-alcanar","status":"publish","type":"post","link":"https:\/\/educationalevidence.com\/ca\/inundacions-a-alcanar\/","title":{"rendered":"Inundacions a Alcanar"},"content":{"rendered":"<p>Imatge creada mitjan\u00e7ant IA<\/p>\n<p>&nbsp;<\/p>\n<p><a style=\"display: inline-block;\" href=\"https:\/\/creativecommons.org\/licenses\/by-nc-nd\/4.0\/deed.ca\" target=\"_blank\" rel=\"license noopener noreferrer\">Llic\u00e8ncia Creative Commons<img decoding=\"async\" style=\"height: 22px!important; margin-left: 3px; vertical-align: text-bottom;\" src=\"https:\/\/mirrors.creativecommons.org\/presskit\/icons\/cc.svg?ref=chooser-v1\" \/><img decoding=\"async\" style=\"height: 22px!important; margin-left: 3px; vertical-align: text-bottom;\" src=\"https:\/\/mirrors.creativecommons.org\/presskit\/icons\/by.svg?ref=chooser-v1\" \/><img decoding=\"async\" style=\"height: 22px!important; margin-left: 3px; vertical-align: text-bottom;\" src=\"https:\/\/mirrors.creativecommons.org\/presskit\/icons\/nc.svg?ref=chooser-v1\" \/><img decoding=\"async\" style=\"height: 22px!important; margin-left: 3px; vertical-align: text-bottom;\" src=\"https:\/\/mirrors.creativecommons.org\/presskit\/icons\/nd.svg?ref=chooser-v1\" \/><\/a><\/p>\n<p><a href=\"https:\/\/twitter.com\/DAVIDRABADA\"><strong><img decoding=\"async\" class=\"alignleft wp-image-14927\" src=\"https:\/\/educationalevidence.com\/wp-content\/uploads\/2024\/04\/David-Rabada-1-150x150.jpg\" alt=\"\" width=\"70\" height=\"70\" \/><\/strong><\/a><\/p>\n<p>&nbsp;<\/p>\n<p><a href=\"https:\/\/twitter.com\/DAVIDRABADA\"><strong>David Rabad\u00e0<\/strong><\/a><\/p>\n<p>&nbsp;<\/p>\n<p>Quan el 50% d&#8217;un municipi est\u00e0 urbanitzat sobre <strong>zones inundables<\/strong> i la cosa fa d\u00e8cades que dura, les conseq\u00fc\u00e8ncies en el nostre clima i territori s\u00f3n inquietants. Els exemples n&#8217;han estat les freq\u00fcents inundacions a peu del <strong>Montsi\u00e0<\/strong> els anys 2018, 2021, 2023 i 2025 entre d&#8217;altres. Els barrancs que neixen entre les calc\u00e0ries del cretaci del Montsi\u00e0 n&#8217;han estat els captadors de les aig\u00fces que torrentera avall han inundat les Cases d&#8217;Alcanar, el <strong>c\u00e0mping dels Alfacs\u00a0i Sant Carles de la R\u00e0pita<\/strong>. En concret, i respectivament, han estat els barrancs de Sant Jaume, el Llop i el Codonyol els protagonistes d&#8217;aquestes inundacions. I la culpa no cal donar-la al canvi clim\u00e0tic com molts mitjans i ide\u00f2legs pregonen, sin\u00f3 a <strong>causes naturals<\/strong> abonades per les pr\u00e0ctiques maldestres d&#8217;uns simis anomenats humans.<\/p>\n<p>Entre les causes naturals i singulars de la nostra geografia i clima tenim les seg\u00fcents: torrenteres molt curtes que de seguit aboquen les seves crescudes a les valls, conques hidrol\u00f2giques\u00a0\u00ednfimes que molt r\u00e0pidament s&#8217;omplen d&#8217;escorrentia, vegetaci\u00f3 escassa que potencia poc la infiltraci\u00f3 i l&#8217;amortiment de les torrentades, pendents elevats des del Montsi\u00e0 que promouen l&#8217;alta velocitat dels corrents, terrenys argilosos a peu dels barrancs que originen una intensa escorrentia superficial, lleres poc encaixades a la plana litoral, i finalment unes pluges convectives i freq\u00fcents amb llevantades que fan cr\u00e9ixer tempestes davant el mur del Montsi\u00e0. En fi,\u00a0un polvor\u00ed natural que es va convertir en bomba nuclear quan els <strong>plans urban\u00edstics<\/strong> dels 60 i els 70 van colonitzar les planes verges al peu de l&#8217;esmentada serralada i van establir lleres rectil\u00ednies\u00a0i emmurallades que han augmentat la velocitat de l&#8217;aigua i el risc de desbordament.<\/p>\n<p>Cal afegir aqu\u00ed dos factors m\u00e9s. En primer lloc, la supressi\u00f3 de <strong>moltes barrancades<\/strong> per a l&#8217;extensi\u00f3 i manteniment dels terrenys agr\u00edcoles que finalment incrementen els cabals en la llera principal, i, en segon lloc, la construcci\u00f3 de ponts i carreteres que tallen aquestes lleres\u00a0provocant preses inoportunes sobrepassades sovint per les crescudes. Posem el cas de la nacional 340 barrant el pas del barranc del Llop.<\/p>\n<p>En un context aix\u00ed sols calen pluges properes als 200 litres per metre quadrat i l&#8217;espectacle wagneri\u00e0 es posa en escena, sobretot si les condicions antecedents han saturat d&#8217;aigua els s\u00f2ls fent que les pluges posteriors no trobin infiltraci\u00f3 possible. N&#8217;han estat exemples les crescudes de 2021 amb una pluja antecedent de 85 litres per metre quadrat i la de 2025 amb 12 litres.\u00a0La prova de tot aix\u00f2 la tenim en els pocs minuts transcorreguts entre els m\u00e0xims d&#8217;intensitat de pluja i els del cabal conseq\u00fcent, \u00e9s a dir, tenim una resposta tan r\u00e0pida que qualsevol intent d&#8217;av\u00eds a la poblaci\u00f3 d&#8217;aig\u00fces avall \u00e9s una quimera. En aix\u00f2 els models\u00a0i les cartografies\u00a0de zones\u00a0inundables coincideixen tant que els pron\u00f2stics s\u00f3n decebedors, ja que continuarem patint grans crescudes catastr\u00f2fiques en el futur.<\/p>\n<p>Per sort, i de manera pionera, l&#8217;any 2025 es va convocar una mesa t\u00e8cnica amb tots els experts, abor\u00edgens i afectats. Fou l&#8217;Ajuntament\u00a0d&#8217;Alcanar qui va endegar aquesta iniciativa amb bones propostes que s&#8217;han d&#8217;anar materialitzant durant el 2026 i anys venidors. Entre aquestes idees hi ha la construcci\u00f3 de barreres de sediments, basses de laminaci\u00f3 d&#8217;aigua, l&#8217;obertura d&#8217;un major desaiguat en els Alfacs i l&#8217;expropiaci\u00f3 d\u2019habitacles que sempre pateixen inundaci\u00f3 catastr\u00f2fica. \u00d2bviament, aix\u00f2 requereix grans pressupostos on la pol\u00edtica hi ha de posar la seva voluntat i els recursos. Vet aqu\u00ed que tenim bones directives europees per tal d&#8217;avaluar riscos, m\u00e9s un bon acord de Govern per tal de regularitzar les mesures adients.<\/p>\n<p>A m\u00e9s, i segons el <strong>Pla Hidrol\u00f2gic Nacional<\/strong>, gran part de la compet\u00e8ncia en aix\u00f2 la posseeixen els municipis on els habitatges, i legalment, es poden expropiar i &#8220;moure de lloc&#8221;. Tamb\u00e9 es poden desdoblar les lleres per tal de repartir els cabals de crescuda, posi&#8217;s el cas del riu Garona l&#8217;any 2013. I aqu\u00ed no val a pensar equivocadament\u00a0com la majoria quan creuen que un desastre tardar\u00e0 molt a repetir-se i que, per tant, sols cal restaurar la destrossa i deixar-ho com abans.<\/p>\n<p>En definitiva, l&#8217;assumpte de les inundacions a les Cases d&#8217;Alcanar i localitats ve\u00efnes, no ha estat exclusivament un tema de canvi clim\u00e0tic, ans al contrari, ha estat infinitament m\u00e9s un augment en l&#8217;exposici\u00f3 al risc per causes humanes. Molts parlen que hi ha indicis que la intensitat de les precipitacions est\u00e0 creixent i amb ella el risc de m\u00e9s crescudes futures, per\u00f2 pel que s&#8217;ha publicat sols es parla amb per\u00edfrasis com &#8220;sembla que&#8221;, &#8220;hi ha certa tend\u00e8ncia&#8221; o &#8220;no es pot assegurar&#8221;. Per tant, la soluci\u00f3 immediata a aquest &#8220;Alcanar sota les aig\u00fces&#8221; \u00e9s\u00a0un vestit a mida per a cada territori. En definitiva,\u00a0cal m\u00e9s una soluci\u00f3 de gesti\u00f3 local que no pas una de canvi clim\u00e0tic global.<\/p>\n<hr \/>\n<p>Font:\u00a0<strong>educational EVIDENCE<\/strong><\/p>\n<p>Drets:\u00a0<strong>Creative Commons<\/strong><\/p>\n","protected":false},"excerpt":{"rendered":"<p>Quan el 50% d&#8217;un municipi est\u00e0 urbanitzat sobre zones inundables i la cosa fa d\u00e8cades que dura, les conseq\u00fc\u00e8ncies en el nostre clima i territori s\u00f3n inquietants. Els exemples n&#8217;han estat les freq\u00fcents inundacions a peu del Montsi\u00e0 els anys 2018, 2021, 2023 i 2025 entre d&#8217;altres.<\/p>\n","protected":false},"author":4,"featured_media":33042,"comment_status":"open","ping_status":"open","sticky":false,"template":"","format":"standard","meta":{"_FSMCFIC_featured_image_caption":"","_FSMCFIC_featured_image_nocaption":"","_FSMCFIC_featured_image_hide":"","footnotes":""},"categories":[219],"tags":[3980,3990,3988,3989,3981],"class_list":["post-32946","post","type-post","status-publish","format-standard","has-post-thumbnail","hentry","category-ciencia-ca","tag-alcanar","tag-barrancades","tag-causes-naturals","tag-plans-urbanistics","tag-zones-inundables"],"yoast_head":"<!-- This site is optimized with the Yoast SEO plugin v27.5 - https:\/\/yoast.com\/product\/yoast-seo-wordpress\/ -->\n<title>Inundacions a Alcanar - Educational Evidence<\/title>\n<meta name=\"description\" content=\"Quan el 50% d&#039;un municipi est\u00e0 urbanitzat sobre zones inundables i la cosa fa d\u00e8cades que dura, les conseq\u00fc\u00e8ncies en el nostre clima i territori s\u00f3n inquietants. Els exemples n&#039;han estat les freq\u00fcents inundacions a peu del Montsi\u00e0 els anys 2018, 2021, 2023 i 2025 entre d&#039;altres.\" \/>\n<meta name=\"robots\" content=\"index, follow, max-snippet:-1, max-image-preview:large, max-video-preview:-1\" \/>\n<link rel=\"canonical\" href=\"https:\/\/educationalevidence.com\/ca\/inundacions-a-alcanar\/\" \/>\n<meta property=\"og:locale\" content=\"ca_ES\" \/>\n<meta property=\"og:type\" content=\"article\" \/>\n<meta property=\"og:title\" content=\"Inundacions a Alcanar - Educational Evidence\" \/>\n<meta property=\"og:description\" content=\"Quan el 50% d&#039;un municipi est\u00e0 urbanitzat sobre zones inundables i la cosa fa d\u00e8cades que dura, les conseq\u00fc\u00e8ncies en el nostre clima i territori s\u00f3n inquietants. Els exemples n&#039;han estat les freq\u00fcents inundacions a peu del Montsi\u00e0 els anys 2018, 2021, 2023 i 2025 entre d&#039;altres.\" \/>\n<meta property=\"og:url\" content=\"https:\/\/educationalevidence.com\/ca\/inundacions-a-alcanar\/\" \/>\n<meta property=\"og:site_name\" content=\"Educational Evidence\" \/>\n<meta property=\"article:published_time\" content=\"2026-02-03T07:43:30+00:00\" \/>\n<meta property=\"article:modified_time\" content=\"2026-02-03T07:43:57+00:00\" \/>\n<meta property=\"og:image\" content=\"https:\/\/educationalevidence.com\/wp-content\/uploads\/2026\/01\/barranco.jpg\" \/>\n\t<meta property=\"og:image:width\" content=\"899\" \/>\n\t<meta property=\"og:image:height\" content=\"600\" \/>\n\t<meta property=\"og:image:type\" content=\"image\/jpeg\" \/>\n<meta name=\"author\" content=\"educational EVIDENCE\" \/>\n<meta name=\"twitter:card\" content=\"summary_large_image\" \/>\n<meta name=\"twitter:label1\" content=\"Escrit per\" \/>\n\t<meta name=\"twitter:data1\" content=\"David Rabad\u00e0 i Vives\" \/>\n\t<meta name=\"twitter:label2\" content=\"Temps estimat de lectura\" \/>\n\t<meta name=\"twitter:data2\" content=\"5 minuts\" \/>\n<script type=\"application\/ld+json\" class=\"yoast-schema-graph\">{\"@context\":\"https:\\\/\\\/schema.org\",\"@graph\":[{\"@type\":\"Article\",\"@id\":\"https:\\\/\\\/educationalevidence.com\\\/ca\\\/inundacions-a-alcanar\\\/#article\",\"isPartOf\":{\"@id\":\"https:\\\/\\\/educationalevidence.com\\\/ca\\\/inundacions-a-alcanar\\\/\"},\"author\":{\"name\":\"educational EVIDENCE\",\"@id\":\"https:\\\/\\\/educationalevidence.com\\\/ca\\\/#\\\/schema\\\/person\\\/91a8797f56f6a2e7ba6fd6297739bbf1\"},\"headline\":\"Inundacions a Alcanar\",\"datePublished\":\"2026-02-03T07:43:30+00:00\",\"dateModified\":\"2026-02-03T07:43:57+00:00\",\"mainEntityOfPage\":{\"@id\":\"https:\\\/\\\/educationalevidence.com\\\/ca\\\/inundacions-a-alcanar\\\/\"},\"wordCount\":887,\"commentCount\":0,\"publisher\":{\"@id\":\"https:\\\/\\\/educationalevidence.com\\\/ca\\\/#organization\"},\"image\":{\"@id\":\"https:\\\/\\\/educationalevidence.com\\\/ca\\\/inundacions-a-alcanar\\\/#primaryimage\"},\"thumbnailUrl\":\"https:\\\/\\\/educationalevidence.com\\\/wp-content\\\/uploads\\\/2026\\\/01\\\/barranco.jpg\",\"keywords\":[\"Alcanar\",\"barrancades\",\"causes naturals\",\"plans urban\u00edstics\",\"zones inundables\"],\"articleSection\":[\"Ci\u00e8ncia\"],\"inLanguage\":\"ca\",\"potentialAction\":[{\"@type\":\"CommentAction\",\"name\":\"Comment\",\"target\":[\"https:\\\/\\\/educationalevidence.com\\\/ca\\\/inundacions-a-alcanar\\\/#respond\"]}]},{\"@type\":\"WebPage\",\"@id\":\"https:\\\/\\\/educationalevidence.com\\\/ca\\\/inundacions-a-alcanar\\\/\",\"url\":\"https:\\\/\\\/educationalevidence.com\\\/ca\\\/inundacions-a-alcanar\\\/\",\"name\":\"Inundacions a Alcanar - Educational Evidence\",\"isPartOf\":{\"@id\":\"https:\\\/\\\/educationalevidence.com\\\/ca\\\/#website\"},\"primaryImageOfPage\":{\"@id\":\"https:\\\/\\\/educationalevidence.com\\\/ca\\\/inundacions-a-alcanar\\\/#primaryimage\"},\"image\":{\"@id\":\"https:\\\/\\\/educationalevidence.com\\\/ca\\\/inundacions-a-alcanar\\\/#primaryimage\"},\"thumbnailUrl\":\"https:\\\/\\\/educationalevidence.com\\\/wp-content\\\/uploads\\\/2026\\\/01\\\/barranco.jpg\",\"datePublished\":\"2026-02-03T07:43:30+00:00\",\"dateModified\":\"2026-02-03T07:43:57+00:00\",\"description\":\"Quan el 50% d'un municipi est\u00e0 urbanitzat sobre zones inundables i la cosa fa d\u00e8cades que dura, les conseq\u00fc\u00e8ncies en el nostre clima i territori s\u00f3n inquietants. Els exemples n'han estat les freq\u00fcents inundacions a peu del Montsi\u00e0 els anys 2018, 2021, 2023 i 2025 entre d'altres.\",\"breadcrumb\":{\"@id\":\"https:\\\/\\\/educationalevidence.com\\\/ca\\\/inundacions-a-alcanar\\\/#breadcrumb\"},\"inLanguage\":\"ca\",\"potentialAction\":[{\"@type\":\"ReadAction\",\"target\":[\"https:\\\/\\\/educationalevidence.com\\\/ca\\\/inundacions-a-alcanar\\\/\"]}]},{\"@type\":\"ImageObject\",\"inLanguage\":\"ca\",\"@id\":\"https:\\\/\\\/educationalevidence.com\\\/ca\\\/inundacions-a-alcanar\\\/#primaryimage\",\"url\":\"https:\\\/\\\/educationalevidence.com\\\/wp-content\\\/uploads\\\/2026\\\/01\\\/barranco.jpg\",\"contentUrl\":\"https:\\\/\\\/educationalevidence.com\\\/wp-content\\\/uploads\\\/2026\\\/01\\\/barranco.jpg\",\"width\":899,\"height\":600},{\"@type\":\"BreadcrumbList\",\"@id\":\"https:\\\/\\\/educationalevidence.com\\\/ca\\\/inundacions-a-alcanar\\\/#breadcrumb\",\"itemListElement\":[{\"@type\":\"ListItem\",\"position\":1,\"name\":\"Portada\",\"item\":\"https:\\\/\\\/educationalevidence.com\\\/ca\\\/\"},{\"@type\":\"ListItem\",\"position\":2,\"name\":\"Inundacions a Alcanar\"}]},{\"@type\":\"WebSite\",\"@id\":\"https:\\\/\\\/educationalevidence.com\\\/ca\\\/#website\",\"url\":\"https:\\\/\\\/educationalevidence.com\\\/ca\\\/\",\"name\":\"Educational Evidence\",\"description\":\"\",\"publisher\":{\"@id\":\"https:\\\/\\\/educationalevidence.com\\\/ca\\\/#organization\"},\"potentialAction\":[{\"@type\":\"SearchAction\",\"target\":{\"@type\":\"EntryPoint\",\"urlTemplate\":\"https:\\\/\\\/educationalevidence.com\\\/ca\\\/?s={search_term_string}\"},\"query-input\":{\"@type\":\"PropertyValueSpecification\",\"valueRequired\":true,\"valueName\":\"search_term_string\"}}],\"inLanguage\":\"ca\"},{\"@type\":\"Organization\",\"@id\":\"https:\\\/\\\/educationalevidence.com\\\/ca\\\/#organization\",\"name\":\"Educational Evidence\",\"url\":\"https:\\\/\\\/educationalevidence.com\\\/ca\\\/\",\"logo\":{\"@type\":\"ImageObject\",\"inLanguage\":\"ca\",\"@id\":\"https:\\\/\\\/educationalevidence.com\\\/ca\\\/#\\\/schema\\\/logo\\\/image\\\/\",\"url\":\"https:\\\/\\\/educationalevidence.com\\\/wp-content\\\/uploads\\\/2023\\\/07\\\/educational_evidence_logo_horitzontal_blanc_negatiu.png\",\"contentUrl\":\"https:\\\/\\\/educationalevidence.com\\\/wp-content\\\/uploads\\\/2023\\\/07\\\/educational_evidence_logo_horitzontal_blanc_negatiu.png\",\"width\":3508,\"height\":1090,\"caption\":\"Educational Evidence\"},\"image\":{\"@id\":\"https:\\\/\\\/educationalevidence.com\\\/ca\\\/#\\\/schema\\\/logo\\\/image\\\/\"}},{\"@type\":\"Person\",\"@id\":\"https:\\\/\\\/educationalevidence.com\\\/ca\\\/#\\\/schema\\\/person\\\/91a8797f56f6a2e7ba6fd6297739bbf1\",\"name\":\"educational EVIDENCE\",\"image\":{\"@type\":\"ImageObject\",\"inLanguage\":\"ca\",\"@id\":\"https:\\\/\\\/educationalevidence.com\\\/wp-content\\\/litespeed\\\/avatar\\\/e9888a11dc51b117a0209ebd4a5f884d.jpg?ver=1777453195\",\"url\":\"https:\\\/\\\/educationalevidence.com\\\/wp-content\\\/litespeed\\\/avatar\\\/e9888a11dc51b117a0209ebd4a5f884d.jpg?ver=1777453195\",\"contentUrl\":\"https:\\\/\\\/educationalevidence.com\\\/wp-content\\\/litespeed\\\/avatar\\\/e9888a11dc51b117a0209ebd4a5f884d.jpg?ver=1777453195\",\"caption\":\"educational EVIDENCE\"},\"sameAs\":[\"https:\\\/\\\/educationalevidence.com\\\/\"],\"url\":\"\"}]}<\/script>\n<!-- \/ Yoast SEO plugin. -->","yoast_head_json":{"title":"Inundacions a Alcanar - Educational Evidence","description":"Quan el 50% d'un municipi est\u00e0 urbanitzat sobre zones inundables i la cosa fa d\u00e8cades que dura, les conseq\u00fc\u00e8ncies en el nostre clima i territori s\u00f3n inquietants. Els exemples n'han estat les freq\u00fcents inundacions a peu del Montsi\u00e0 els anys 2018, 2021, 2023 i 2025 entre d'altres.","robots":{"index":"index","follow":"follow","max-snippet":"max-snippet:-1","max-image-preview":"max-image-preview:large","max-video-preview":"max-video-preview:-1"},"canonical":"https:\/\/educationalevidence.com\/ca\/inundacions-a-alcanar\/","og_locale":"ca_ES","og_type":"article","og_title":"Inundacions a Alcanar - Educational Evidence","og_description":"Quan el 50% d'un municipi est\u00e0 urbanitzat sobre zones inundables i la cosa fa d\u00e8cades que dura, les conseq\u00fc\u00e8ncies en el nostre clima i territori s\u00f3n inquietants. Els exemples n'han estat les freq\u00fcents inundacions a peu del Montsi\u00e0 els anys 2018, 2021, 2023 i 2025 entre d'altres.","og_url":"https:\/\/educationalevidence.com\/ca\/inundacions-a-alcanar\/","og_site_name":"Educational Evidence","article_published_time":"2026-02-03T07:43:30+00:00","article_modified_time":"2026-02-03T07:43:57+00:00","og_image":[{"width":899,"height":600,"url":"https:\/\/educationalevidence.com\/wp-content\/uploads\/2026\/01\/barranco.jpg","type":"image\/jpeg"}],"author":"educational EVIDENCE","twitter_card":"summary_large_image","twitter_misc":{"Escrit per":"David Rabad\u00e0 i Vives","Temps estimat de lectura":"5 minuts"},"schema":{"@context":"https:\/\/schema.org","@graph":[{"@type":"Article","@id":"https:\/\/educationalevidence.com\/ca\/inundacions-a-alcanar\/#article","isPartOf":{"@id":"https:\/\/educationalevidence.com\/ca\/inundacions-a-alcanar\/"},"author":{"name":"educational EVIDENCE","@id":"https:\/\/educationalevidence.com\/ca\/#\/schema\/person\/91a8797f56f6a2e7ba6fd6297739bbf1"},"headline":"Inundacions a Alcanar","datePublished":"2026-02-03T07:43:30+00:00","dateModified":"2026-02-03T07:43:57+00:00","mainEntityOfPage":{"@id":"https:\/\/educationalevidence.com\/ca\/inundacions-a-alcanar\/"},"wordCount":887,"commentCount":0,"publisher":{"@id":"https:\/\/educationalevidence.com\/ca\/#organization"},"image":{"@id":"https:\/\/educationalevidence.com\/ca\/inundacions-a-alcanar\/#primaryimage"},"thumbnailUrl":"https:\/\/educationalevidence.com\/wp-content\/uploads\/2026\/01\/barranco.jpg","keywords":["Alcanar","barrancades","causes naturals","plans urban\u00edstics","zones inundables"],"articleSection":["Ci\u00e8ncia"],"inLanguage":"ca","potentialAction":[{"@type":"CommentAction","name":"Comment","target":["https:\/\/educationalevidence.com\/ca\/inundacions-a-alcanar\/#respond"]}]},{"@type":"WebPage","@id":"https:\/\/educationalevidence.com\/ca\/inundacions-a-alcanar\/","url":"https:\/\/educationalevidence.com\/ca\/inundacions-a-alcanar\/","name":"Inundacions a Alcanar - Educational Evidence","isPartOf":{"@id":"https:\/\/educationalevidence.com\/ca\/#website"},"primaryImageOfPage":{"@id":"https:\/\/educationalevidence.com\/ca\/inundacions-a-alcanar\/#primaryimage"},"image":{"@id":"https:\/\/educationalevidence.com\/ca\/inundacions-a-alcanar\/#primaryimage"},"thumbnailUrl":"https:\/\/educationalevidence.com\/wp-content\/uploads\/2026\/01\/barranco.jpg","datePublished":"2026-02-03T07:43:30+00:00","dateModified":"2026-02-03T07:43:57+00:00","description":"Quan el 50% d'un municipi est\u00e0 urbanitzat sobre zones inundables i la cosa fa d\u00e8cades que dura, les conseq\u00fc\u00e8ncies en el nostre clima i territori s\u00f3n inquietants. Els exemples n'han estat les freq\u00fcents inundacions a peu del Montsi\u00e0 els anys 2018, 2021, 2023 i 2025 entre d'altres.","breadcrumb":{"@id":"https:\/\/educationalevidence.com\/ca\/inundacions-a-alcanar\/#breadcrumb"},"inLanguage":"ca","potentialAction":[{"@type":"ReadAction","target":["https:\/\/educationalevidence.com\/ca\/inundacions-a-alcanar\/"]}]},{"@type":"ImageObject","inLanguage":"ca","@id":"https:\/\/educationalevidence.com\/ca\/inundacions-a-alcanar\/#primaryimage","url":"https:\/\/educationalevidence.com\/wp-content\/uploads\/2026\/01\/barranco.jpg","contentUrl":"https:\/\/educationalevidence.com\/wp-content\/uploads\/2026\/01\/barranco.jpg","width":899,"height":600},{"@type":"BreadcrumbList","@id":"https:\/\/educationalevidence.com\/ca\/inundacions-a-alcanar\/#breadcrumb","itemListElement":[{"@type":"ListItem","position":1,"name":"Portada","item":"https:\/\/educationalevidence.com\/ca\/"},{"@type":"ListItem","position":2,"name":"Inundacions a Alcanar"}]},{"@type":"WebSite","@id":"https:\/\/educationalevidence.com\/ca\/#website","url":"https:\/\/educationalevidence.com\/ca\/","name":"Educational Evidence","description":"","publisher":{"@id":"https:\/\/educationalevidence.com\/ca\/#organization"},"potentialAction":[{"@type":"SearchAction","target":{"@type":"EntryPoint","urlTemplate":"https:\/\/educationalevidence.com\/ca\/?s={search_term_string}"},"query-input":{"@type":"PropertyValueSpecification","valueRequired":true,"valueName":"search_term_string"}}],"inLanguage":"ca"},{"@type":"Organization","@id":"https:\/\/educationalevidence.com\/ca\/#organization","name":"Educational Evidence","url":"https:\/\/educationalevidence.com\/ca\/","logo":{"@type":"ImageObject","inLanguage":"ca","@id":"https:\/\/educationalevidence.com\/ca\/#\/schema\/logo\/image\/","url":"https:\/\/educationalevidence.com\/wp-content\/uploads\/2023\/07\/educational_evidence_logo_horitzontal_blanc_negatiu.png","contentUrl":"https:\/\/educationalevidence.com\/wp-content\/uploads\/2023\/07\/educational_evidence_logo_horitzontal_blanc_negatiu.png","width":3508,"height":1090,"caption":"Educational Evidence"},"image":{"@id":"https:\/\/educationalevidence.com\/ca\/#\/schema\/logo\/image\/"}},{"@type":"Person","@id":"https:\/\/educationalevidence.com\/ca\/#\/schema\/person\/91a8797f56f6a2e7ba6fd6297739bbf1","name":"educational EVIDENCE","image":{"@type":"ImageObject","inLanguage":"ca","@id":"https:\/\/educationalevidence.com\/wp-content\/litespeed\/avatar\/e9888a11dc51b117a0209ebd4a5f884d.jpg?ver=1777453195","url":"https:\/\/educationalevidence.com\/wp-content\/litespeed\/avatar\/e9888a11dc51b117a0209ebd4a5f884d.jpg?ver=1777453195","contentUrl":"https:\/\/educationalevidence.com\/wp-content\/litespeed\/avatar\/e9888a11dc51b117a0209ebd4a5f884d.jpg?ver=1777453195","caption":"educational EVIDENCE"},"sameAs":["https:\/\/educationalevidence.com\/"],"url":""}]}},"_links":{"self":[{"href":"https:\/\/educationalevidence.com\/ca\/wp-json\/wp\/v2\/posts\/32946","targetHints":{"allow":["GET"]}}],"collection":[{"href":"https:\/\/educationalevidence.com\/ca\/wp-json\/wp\/v2\/posts"}],"about":[{"href":"https:\/\/educationalevidence.com\/ca\/wp-json\/wp\/v2\/types\/post"}],"author":[{"embeddable":true,"href":"https:\/\/educationalevidence.com\/ca\/wp-json\/wp\/v2\/users\/4"}],"replies":[{"embeddable":true,"href":"https:\/\/educationalevidence.com\/ca\/wp-json\/wp\/v2\/comments?post=32946"}],"version-history":[{"count":6,"href":"https:\/\/educationalevidence.com\/ca\/wp-json\/wp\/v2\/posts\/32946\/revisions"}],"predecessor-version":[{"id":33129,"href":"https:\/\/educationalevidence.com\/ca\/wp-json\/wp\/v2\/posts\/32946\/revisions\/33129"}],"wp:featuredmedia":[{"embeddable":true,"href":"https:\/\/educationalevidence.com\/ca\/wp-json\/wp\/v2\/media\/33042"}],"wp:attachment":[{"href":"https:\/\/educationalevidence.com\/ca\/wp-json\/wp\/v2\/media?parent=32946"}],"wp:term":[{"taxonomy":"category","embeddable":true,"href":"https:\/\/educationalevidence.com\/ca\/wp-json\/wp\/v2\/categories?post=32946"},{"taxonomy":"post_tag","embeddable":true,"href":"https:\/\/educationalevidence.com\/ca\/wp-json\/wp\/v2\/tags?post=32946"}],"curies":[{"name":"wp","href":"https:\/\/api.w.org\/{rel}","templated":true}]}}