{"id":24678,"date":"2025-02-14T09:26:17","date_gmt":"2025-02-14T08:26:17","guid":{"rendered":"https:\/\/educationalevidence.com\/?p=24678"},"modified":"2025-02-14T09:26:31","modified_gmt":"2025-02-14T08:26:31","slug":"steven-forti-lesquerra-ha-de-tornar-a-donar-la-batalla-cultural","status":"publish","type":"post","link":"https:\/\/educationalevidence.com\/ca\/steven-forti-lesquerra-ha-de-tornar-a-donar-la-batalla-cultural\/","title":{"rendered":"Steven Forti: &#8220;L&#8217;esquerra ha de tornar a donar la batalla cultural&#8221;"},"content":{"rendered":"<p>Entrevista a Steven Forti, professor d&#8217;Hist\u00f2ria Contempor\u00e0nia especialista en extrema dreta<\/p>\n<h1>Steven Forti: &#8220;L&#8217;esquerra ha de tornar a donar la batalla cultural&#8221;<\/h1>\n<figure id=\"attachment_24579\" aria-describedby=\"caption-attachment-24579\" style=\"width: 900px\" class=\"wp-caption aligncenter\"><img fetchpriority=\"high\" decoding=\"async\" class=\"size-full wp-image-24579\" src=\"https:\/\/educationalevidence.com\/wp-content\/uploads\/2025\/02\/StevenForti_Foto_Fabrizio_Fenucci_low.jpg\" alt=\"\" width=\"900\" height=\"687\" srcset=\"https:\/\/educationalevidence.com\/wp-content\/uploads\/2025\/02\/StevenForti_Foto_Fabrizio_Fenucci_low.jpg 900w, https:\/\/educationalevidence.com\/wp-content\/uploads\/2025\/02\/StevenForti_Foto_Fabrizio_Fenucci_low-300x229.jpg 300w, https:\/\/educationalevidence.com\/wp-content\/uploads\/2025\/02\/StevenForti_Foto_Fabrizio_Fenucci_low-768x586.jpg 768w, https:\/\/educationalevidence.com\/wp-content\/uploads\/2025\/02\/StevenForti_Foto_Fabrizio_Fenucci_low-432x330.jpg 432w, https:\/\/educationalevidence.com\/wp-content\/uploads\/2025\/02\/StevenForti_Foto_Fabrizio_Fenucci_low-236x180.jpg 236w\" sizes=\"(max-width: 900px) 100vw, 900px\" \/><figcaption id=\"caption-attachment-24579\" class=\"wp-caption-text\">Steven Forti. \/ Foto: Foto: Fabrizio Fenucci<\/figcaption><\/figure>\n<p><a style=\"display: inline-block;\" href=\"https:\/\/creativecommons.org\/licenses\/by-nc-nd\/4.0\/deed.ca\" target=\"_blank\" rel=\"license noopener noreferrer\">Llic\u00e8ncia Creative Commons<img decoding=\"async\" style=\"height: 22px!important; margin-left: 3px; vertical-align: text-bottom;\" src=\"https:\/\/mirrors.creativecommons.org\/presskit\/icons\/cc.svg?ref=chooser-v1\" \/><img decoding=\"async\" style=\"height: 22px!important; margin-left: 3px; vertical-align: text-bottom;\" src=\"https:\/\/mirrors.creativecommons.org\/presskit\/icons\/by.svg?ref=chooser-v1\" \/><img decoding=\"async\" style=\"height: 22px!important; margin-left: 3px; vertical-align: text-bottom;\" src=\"https:\/\/mirrors.creativecommons.org\/presskit\/icons\/nc.svg?ref=chooser-v1\" \/><img decoding=\"async\" style=\"height: 22px!important; margin-left: 3px; vertical-align: text-bottom;\" src=\"https:\/\/mirrors.creativecommons.org\/presskit\/icons\/nd.svg?ref=chooser-v1\" \/><\/a><\/p>\n<p><img decoding=\"async\" class=\"alignleft wp-image-12365\" src=\"https:\/\/educationalevidence.com\/wp-content\/uploads\/2024\/01\/Andreu-cover-696x452-1-150x150.jpg\" alt=\"\" width=\"70\" height=\"70\" \/><\/p>\n<p>&nbsp;<\/p>\n<p><a href=\"https:\/\/twitter.com\/AndreuNavarra\" target=\"_blank\" rel=\"noopener\"><strong>Andreu Navarra<\/strong><\/a><\/p>\n<p>&nbsp;<\/p>\n<p><strong>Steven Forti<\/strong>, professor d&#8217;Hist\u00f2ria Contempor\u00e0nia a la Universitat Aut\u00f2noma de Barcelona, \u200b\u200bacaba de publicar <em>Democracias en extinci\u00f3n. El espectro de las autocracias electorales<\/em> (Akal), un llibre que aprofundeix i actualitza el que ja va estudiar a <em>Extrema derecha 2.0.<\/em> <em>Qu\u00e9 es y c\u00f3mo combatirla<\/em> (Siglo XXI, 2021). Actualment \u00e9s tamb\u00e9 coordinador local del projecte de recerca europeu <em>&#8216;Analysis of and Response to Extremist Narratives<\/em>&#8216; (ARENAS).<\/p>\n<p>&nbsp;<\/p>\n<p><strong>Com es regenera una democr\u00e0cia liberal?<\/strong><\/p>\n<p>\u00c9s la pregunta del mili\u00f3 de d\u00f2lars\u2026 Pel que estem veient, tinc la impressi\u00f3 que als \u201cpalaus del poder\u201d molt poca gent sap la resposta. Ara b\u00e9, hi podem apuntar algunes idees. En primer lloc, cal posar l\u00edmit al poder dels nous i vells \u201coligarques\u201d, limitant el costat \u201csalvatge\u201d del capitalisme. En segon lloc, cal refor\u00e7ar i, directament, regenerar els cossos intermedis \u2013partits democr\u00e0tics, sindicats, associacionisme, etc.\u2013 que s\u00f3n l&#8217;ombra de l&#8217;ombra del que van ser. En tercer lloc, cal democratitzar el sistema medi\u00e0tic, tant pel que fa als mitjans tradicionals, com a l&#8217;espai digital. En quart lloc, cal reconstruir els lla\u00e7os comunitaris a les nostres societats, cada cop m\u00e9s esfilagarsades i atomitzades per l&#8217;impacte del neoliberalisme i les noves tecnologies.<\/p>\n<p>Sense un control democr\u00e0tic dels grans poders econ\u00f2mics, sense uns cossos intermedis actius i arrelats al territori, sense un sistema medi\u00e0tic realment plural, sense una democratitzaci\u00f3 de l&#8217;espai digital i sense una societat civil forta, organitzada i que participa activament a la vida pol\u00edtica, les democr\u00e0cies liberals no podran continuar existint durant molt de temps. Potser no es convertiran en una dictadura o una autocr\u00e0cia electoral d&#8217;un dia per l&#8217;altre, per\u00f2 es moriran de mica en mica enmig del desinter\u00e8s de la gran majoria de la poblaci\u00f3.<\/p>\n<blockquote><p>\u00abEn els darrers quinze anys, cada cop m\u00e9s pa\u00efsos estan passant de ser una democr\u00e0cia plena a una autocr\u00e0cia electoral o tancada\u00bb<\/p><\/blockquote>\n<p><strong>Segons el que has pogut esbrinar, un 71% de la poblaci\u00f3 mundial viu sota una dictadura o una autocr\u00e0cia&#8230; Molt fort, oi?<\/strong><\/p>\n<p>\u00c9s dram\u00e0tic. No hi ha altres paraules per definir-ho. I el que \u00e9s m\u00e9s greu \u00e9s que per primera vegada despr\u00e9s de la Segona Guerra Mundial estem vivint una onada desdemocratitzadora que, per m\u00e9s inri, sembla no tenir fi. En els darrers quinze anys, cada cop m\u00e9s pa\u00efsos estan passant de ser una democr\u00e0cia plena a una autocr\u00e0cia electoral o tancada. Fins al 2009, si b\u00e9 amb aven\u00e7os i retrocessos o amb resultats q\u00fcestionables, la din\u00e0mica era justament l&#8217;oposada: a poc a poc, cada cop m\u00e9s pa\u00efsos s&#8217;estaven democratitzant. Ara no. Els casos d&#8217;Hongria, al cor de la Uni\u00f3 Europea, per\u00f2 tamb\u00e9 d&#8217;Israel, l&#8217;\u00cdndia o el Salvador s\u00f3n casos paradigm\u00e0tics. Abans hi ha hagut R\u00fassia o Vene\u00e7uela. Ara potser li tocar\u00e0 als Estats Units&#8230; Hi ha qui diu que es tracta de cicles, que tamb\u00e9 va passar en altres moments de l&#8217;\u00e8poca contempor\u00e0nia i que les aig\u00fces tornaran a al seu lloc. Sincerament, no s\u00f3c tan optimista. Hi ha una doble difer\u00e8ncia que \u00e9s crucial. D&#8217;una banda, a la gran majoria dels casos els processos d&#8217;autocratitzaci\u00f3 ja no es donen mitjan\u00e7ant cops d&#8217;estat, sin\u00f3 pel buidament de la democr\u00e0cia des del poder per part de l\u00edders democr\u00e0ticament elegits. De l&#8217;altra, aquests processos compten amb el suport d&#8217;una part -de vegades majorit\u00e0ria- de la poblaci\u00f3 que ha tingut una experi\u00e8ncia -m\u00e9s o menys plena- del que vol dir viure en un sistema democr\u00e0tic liberal.<\/p>\n<p><strong>Democr\u00e0cia liberista, emergencialisme, Estat administratiu, democr\u00e0cia zombie\u2026 S\u00f3n conceptes que es defineixen a les teves p\u00e0gines, trets o s\u00edmptomes que anuncien l&#8217;arribada d&#8217;una autocr\u00e0cia electoral\u2026<\/strong><\/p>\n<p>Tots aquests conceptes ens mostren la gran dificultat existent a definir el tipus de democr\u00e0cia en qu\u00e8 estem vivint. Una cosa que, per cert, \u00e9s generalitzable. De fet, sovint se sol utilitzar el prefix post- per a qualsevol cosa: postcomunisme, postfeixisme, postliberalisme, postfordisme, postmodernisme\u2026 Ens hem quedat sense paraules per descriure aquesta nova \u00e8poca. O potser no les sabem trobar. A principis del mil\u00b7lenni, el polit\u00f2leg brit\u00e0nic Colin Crouch va encunyar el concepte de postdemocr\u00e0cia per descriure justament unes democr\u00e0cies liberals que es quedaven cada cop m\u00e9s en mans d&#8217;un cercle restringit de l&#8217;elit econ\u00f2mica. La seva intu\u00efci\u00f3 ha estat correcta, per\u00f2 sembla que molt pocs n&#8217;han tingut en compte. Si l&#8217;extrema dreta guanya les eleccions avui dia, \u00e9s perqu\u00e8 hi ha quelcom que no funciona a les nostres democr\u00e0cies. L&#8217;extrema dreta \u00e9s el s\u00edmptoma: no \u00e9s la causa de la crisi de la democr\u00e0cia liberal a tot el m\u00f3n.<\/p>\n<p><strong>Com definiries \u201cneoliberalisme\u201d?<\/strong><\/p>\n<p>Estrictament, ho podem definir com una teoria econ\u00f2mica que advoca per la reducci\u00f3 de la intervenci\u00f3 de l&#8217;Estat. I aqu\u00ed citar\u00edem l&#8217;escola austr\u00edaca i pensadors com von Mises, Hayek i Friedman. Tot i aix\u00f2, crec que el neoliberalisme no \u00e9s nom\u00e9s aix\u00f2: \u00e9s una <em>Weltanshauung<\/em>, una visi\u00f3 del m\u00f3n i de la societat. El neoliberalisme ha creat un imaginari que impregna profundament les nostres vides. Si voleu, el neoliberalisme \u00e9s l&#8217;afirmaci\u00f3 expl\u00edcita que, per una banda, el conflicte social no pot ni ha d&#8217;existir ni ser tolerat i, de l&#8217;altra, que la llibertat i la igualtat no poden ni han d&#8217;anar de la m\u00e0. Quan Javier Milei crida que \u201cla just\u00edcia social \u00e9s aberrant\u201d est\u00e0 explicitant, al capdavall, sense estratagemes ni intents d&#8217;enganys dial\u00e8ctics, la idea de fons del neoliberalisme, eliminant de cop i volta la seva fa\u00e7ana \u201cprogressista\u201d, \u00e9s a dir la defensa de la societat oberta i el multiculturalisme que, a grans trets, havia predominat fins fa dos dies.<\/p>\n<blockquote><p>\u00abCom va apuntar amb ra\u00f3 el soci\u00f2leg franc\u00e8s Philippe Corcuff, les ideologies continuen existint. I s\u00f3n el que expliquen i marquen la visi\u00f3 del m\u00f3n\u00bb<\/p><\/blockquote>\n<p><strong>Escrius que el terme \u201cpopulisme\u201d \u00e9s problem\u00e0tic des d&#8217;un punt de vista hist\u00f2ric o anal\u00edtic\u2026<\/strong><\/p>\n<p>\u00c9s un terme que no explica res. Molts sostenen que el populisme \u00e9s una ideologia, per\u00f2 no hi ha cap corpus doctrinal que els anomenats moviments i partits populistes comparteixin. Suposadament, hi hauria populistes d&#8217;extrema dreta, d&#8217;esquerra radical i fins i tot \u201cd&#8217;extrem centre\u201d. A Fran\u00e7a s&#8217;ha dit que tant Marine Le Pen, aix\u00ed com Jean-Luc M\u00e9lenchon i Emmanuel Macron s\u00f3n populistes. Ara b\u00e9, si tots s\u00f3n populistes, de qu\u00e8 ens serveix aquest concepte? L&#8217;\u00fanic que podem dir sobre aix\u00f2, si de cas, \u00e9s que el populisme \u00e9s un estil pol\u00edtic o, com a molt, una estrat\u00e8gia o una l\u00f2gica pol\u00edtica. Dit en altres paraules, vivim una \u00e8poca en qu\u00e8 l&#8217;apel\u00b7laci\u00f3 al poble \u2013s&#8217;entengui el que es vulgui entendre amb aquest \u201csignificant buit\u201d, per dir-ho amb Ernesto Laclau\u2013 \u00e9s constant. De fons, per\u00f2, hi ha ideologies que s\u00f3n diferents. Le Pen no \u00e9s una populista: \u00e9s una l\u00edder d&#8217;extrema dreta que utilitza l&#8217;estil populista en la manera de fer pol\u00edtica. Si comprem el paradigma del populisme, acabem esborrant l&#8217;exist\u00e8ncia de les ideologies pol\u00edtiques. I, per m\u00e9s que aquests darrers anys hi hagi un cert confusionisme ideol\u00f2gic, com va apuntar amb ra\u00f3 el soci\u00f2leg franc\u00e8s Philippe Corcuff, les ideologies segueixen existint. I s\u00f3n el que expliquen i marquen la visi\u00f3 del m\u00f3n.<\/p>\n<p><strong>Com es combat una autocr\u00e0cia electoral?<\/strong><\/p>\n<p>Se\u2019ls ho hauria de preguntar als activistes democr\u00e0tics hongaresos, turcs o russos\u2026 Almenys, els que segueixen vius i no estan tancats en presons de m\u00e0xima seguretat, acusats de terrorisme. La q\u00fcesti\u00f3 \u00e9s que, una vegada instaurada, una autocr\u00e0cia electoral \u00e9s molt dif\u00edcil de tombar, per dir-ho amb un eufemisme. Erdogan i Putin fa m\u00e9s de vint anys que s\u00f3n al poder, Orb\u00e1n m\u00e9s de quinze. La lluita s&#8217;ha de donar sobretot abans. I de manera urgent als pa\u00efsos que estan movent els primers passos cap a l&#8217;autocratitzaci\u00f3. Ara, per exemple, als Estats Units, It\u00e0lia o Argentina. A El Salvador ja \u00e9s tard. A Israel probablement tamb\u00e9, si alguna cosa no canvia aviat. L&#8217;\u00fanic cas d&#8217;\u00e8xit -almenys de moment- \u00e9s el polon\u00e8s, on, despr\u00e9s de vuit anys de governs de <em>Llei i Just\u00edcia<\/em>, l&#8217;oposici\u00f3 ha aconseguit guanyar les eleccions i desbancar els ultradretans que estaven seguint els passos d&#8217;Orb\u00e1n. La societat civil ha estat clau. Sense aquest element no es va enlloc. Per\u00f2, compte: la batalla no est\u00e0 guanyada tampoc a Pol\u00f2nia. Ni de bon tros.<\/p>\n<p><strong>Qu\u00e8 s\u00f3n Modi, Erdogan, Putin i Duterte?<\/strong><\/p>\n<p>Uns l\u00edders autoritaris. Dos polit\u00f2legs nord-americans, Steven Levitsky i Lucan Way, han encunyat el concepte d&#8217;autoritarisme competitiu per descriure el tipus de r\u00e8gim instaurat en casos com aquests. Ideol\u00f2gicament, no t\u00e9 gaire sentit definir-los com a feixistes o d&#8217;extrema dreta. \u00c9s evident que no s\u00f3n progressistes i que s\u00f3n nacionalistes i ultraconservadors, per\u00f2 l\u2019aplicaci\u00f3 dels conceptes d\u2019esquerra i dreta en pa\u00efsos no occidentals \u00e9s summament problem\u00e0tica. Esquerra i dreta s\u00f3n conceptes que neixen amb la Revoluci\u00f3 francesa. Si vols, podem dir que Modi, Erdogan, Putin i Duterte s\u00f3n uns nacionalistes ultraconservadors autoritaris.<\/p>\n<blockquote><p>\u00abNo costa entendre que Berlusconi va ser, amb car\u00e0cter general, Trump abans de Trump\u00bb<\/p><\/blockquote>\n<p><strong>Per qu\u00e8 va ser tan rellevant Silvio Berlusconi?<\/strong><\/p>\n<p>Essencialment, per dues raons. D&#8217;una banda, perqu\u00e8 va ser el primer a Europa despr\u00e9s de la Segona Guerra Mundial que va legitimar el neofeixisme com a for\u00e7a de govern. El Moviment Social Itali\u00e0, fundat el 1946 pels excombatents de la Rep\u00fablica de Sal\u00f3, va entrar a l&#8217;executiu de Berlusconi a la It\u00e0lia del 1994. Aquest moment marca un abans i un despr\u00e9s. L&#8217;any 2000, li va tocar a \u00c0ustria amb l&#8217;entrada de l&#8217;FP\u00d6 de J\u00f6rg Haider al govern de Viena. M\u00e9s recentment, l&#8217;anomenat cord\u00f3 sanitari ha implosionat arreu. Berlusconi, en s\u00edntesi, va venir a dir que la dreta que havia acceptat les regles del joc democr\u00e0tic despr\u00e9s del 1945 no devia fer-li f\u00e0stics als ultres que tenia a la seva dreta: eren uns \u201canimals de companyia\u201d acceptables. Aix\u00ed mateix, Berlusconi va ser fonamental en all\u00f2 que avui en diem guerres culturals: el fundador de Forza Italia va llan\u00e7ar una ofensiva per terra, mar i aire contra el consens antifeixista que havia estat el fonament de la Rep\u00fablica italiana, comprant i popularitzant, a la seva manera, lemes i temes difosos per l&#8217;extrema dreta durant d\u00e8cades. D&#8217;altra banda, Berlusconi va importar una manera de fer pol\u00edtica molt nord-americana, utilitzant les televisions com a palanca per conquerir el consens popular. No va ser l&#8217;\u00fanic per aquell temps que ho va intentar, per\u00f2 va ser qui va tenir m\u00e9s \u00e8xit. Tenint en compte aix\u00f2, no costa d&#8217;entendre que Berlusconi va ser, amb car\u00e0cter general, Trump abans de Trump.<\/p>\n<p><strong>Qui \u00e9s Alain de Benoist?<\/strong><\/p>\n<p>Un intel\u00b7lectual i un activista neofeixista franc\u00e8s que a finals dels anys seixanta va entendre que, per poder tenir possibilitats de conquerir l&#8217;hegemonia pol\u00edtica en el futur, l&#8217;extrema dreta havia de donar la batalla cultural. De Benoist va llegir des de posicions neofeixistes a l&#8217;intel\u00b7lectual comunista itali\u00e0 Antonio Gramsci, que als anys d&#8217;entreguerres, des de les presons feixistes, havia plantejat el concepte d&#8217;hegemonia cultural. De Benoist va fer una lectura instrumental del gramscisme, deixant de banda alguns elements clau del pensament de Gramsci. De tota manera, va plantejar la que es coneix com a estrat\u00e8gia metapol\u00edtica: la voluntat de rearmar ideol\u00f2gicament a la dreta i influir en els mitjans de comunicaci\u00f3, els debats p\u00fablics i els mateixos partits existents, amb l&#8217;objectiu de moure la que es coneix com a &#8216;finestra d&#8217;Overton&#8217; \u2013all\u00f2 que \u00e9s acceptable dir en un determinat context geogr\u00e0fic i hist\u00f2ric- cap a posicions ultradretanes. De Benoist no \u00e9s cap titellaire de Le Pen, Orb\u00e1n, Meloni, Trump o Kickl, per\u00f2 ha marcat un cam\u00ed que, expl\u00edcitament o impl\u00edcitament, les extremes dretes han seguit des dels anys vuitanta. D&#8217;aquells testos, aquestes olles.<\/p>\n<p><strong>Movem-nos una mica al passat. Com vas arribar a l&#8217;estudi d&#8217;\u00d3scar P\u00e9rez Sol\u00eds? Per qu\u00e8 t&#8217;ha interessat?<\/strong><\/p>\n<p>Va ser als anys de la meva tesi doctoral. Estava estudiant els tr\u00e0nsfugues a l&#8217;Europa d&#8217;entreguerres, \u00e9s a dir, els dirigents pol\u00edtics que van passar de l&#8217;esquerra al feixisme. A It\u00e0lia, ja havia trobat una vintena de quadres pol\u00edtics de primera, segona o tercera fila que entre la Primera i la Segona Guerra Mundial van abandonar el comunisme, el socialisme o el sindicalisme revolucionari per abra\u00e7ar el feixisme de Mussolini que, per cert, va ser el \u201cprimer\u201d tr\u00e0nsfuga\u2026 Hi va haver qui ho va fer per oportunisme, per\u00f2 altres ho van fer per convicci\u00f3. La hist\u00f2ria no \u00e9s mai una l\u00ednia recta: de vegades fa tombs inesperats. Doncs b\u00e9, a Fran\u00e7a vaig detectar altres casos. Tot i aix\u00ed, aleshores, estem parlant del 2006-2007, a Espanya era un terreny pr\u00e0cticament verge des del punt de vista historiogr\u00e0fic. Fou en aquest context que em vaig topar amb P\u00e9rez Sol\u00eds, un personatge sens dubte peculiar: militar de carrera a principis de segle, anarquista, despr\u00e9s socialista a la Valladolid dels anys deu, fundador del Partit Comunista Obrer Espanyol i un dels m\u00e0xims dirigents del petit PCE als anys vint\u2026 el 1927, empresonat a Montjuic per la dictadura de Primo de Rivera, es va convertir al catolicisme i es va anar acostant paulatinament a la dreta regionalista castellana. Durant la Segona Rep\u00fablica es va radicalitzar fins al punt de ser un dels enlla\u00e7os dels revoltats a Oviedo el juliol de 1936. Va seguir fins a la seva mort, el 1951, com a periodista i propagandista falangista<\/p>\n<blockquote><p>\u00abCal tornar als valors de la Il\u00b7lustraci\u00f3 que, de fet, \u00e9s el veritable blanc de tots els atacs de l&#8217;extrema dreta\u00bb<\/p><\/blockquote>\n<p><strong>Com pot contribuir el sistema educatiu per impedir l&#8217;arribada de r\u00e8gims antiliberals?<\/strong><\/p>\n<p>Primer, estimulant el pensament cr\u00edtic entre les noves generacions. Sense pensament cr\u00edtic, no hi ha ciutadans lliures. Segon, explicant que la democr\u00e0cia \u00e9s un projecte que no s&#8217;acaba mai i que la seva mateixa exist\u00e8ncia dep\u00e8n de la participaci\u00f3 de tots nosaltres. Sense una ciutadania activa, no hi ha <em>res publica<\/em>. Tercer, aclarint que no hi ha llibertat sense igualtat: cal tornar als valors de la Il\u00b7lustraci\u00f3 que, de fet, \u00e9s el veritable blanc de tots els atacs de l&#8217;extrema dreta. Quart, promovent l&#8217;alfabetitzaci\u00f3 digital, \u00e9s a dir, uns ciutadans que s\u00e0piguen detectar les <em>fake news<\/em> i les falses informacions que circulen a les xarxes socials (i tamb\u00e9 als mitjans tradicionals, tot sigui dit de passada).<\/p>\n<p><strong>Qu\u00e8 \u00e9s l&#8217;extrema dreta 2.0? \u00c9s o no feixisme?<\/strong><\/p>\n<p>La d&#8217;extrema dreta 2.0 \u00e9s una definici\u00f3 que he proposat justament per intentar tancar el debat interminable sobre si els Trump, les Meloni, les Le Pen, els Abascal, els Milei o els Orb\u00e1n s\u00f3n feixistes. Aclarim una cosa: dir que no s\u00f3n feixistes no vol dir que no siguin una amena\u00e7a per a la mateixa superviv\u00e8ncia dels sistemes democr\u00e0tics. Senzillament, s\u00f3n quelcom diferent del feixisme hist\u00f2ric, si b\u00e9 hi pot haver elements de continu\u00eftat, m\u00e9s o menys marcats depenent del context nacional. La q\u00fcesti\u00f3 de fons \u00e9s que no podem banalitzar el feixisme fins a considerar aix\u00ed qualsevol projecte pol\u00edtic que sigui nacionalista, racista i autoritari. Com va explicar l&#8217;historiador itali\u00e0 Emilio Gentile, el feixisme hist\u00f2ric tenia uns elements nuclears que, de moment, no trobem a les noves extremes dretes, com ara el totalitarisme, el partit-mil\u00edcia o l&#8217;element palingen\u00e8tic.<\/p>\n<blockquote><p>\u00abAmb extrema dreta 2.0, doncs, amb una certa provocaci\u00f3, he volgut subratllar que estem davant d&#8217;alguna cosa que, encara que beu del passat, tamb\u00e9 \u00e9s nova\u00bb<\/p><\/blockquote>\n<p>Amb extrema dreta 2.0, doncs, amb una certa provocaci\u00f3, he volgut subratllar que estem davant d&#8217;alguna cosa que, encara que beu del passat, \u00e9s tamb\u00e9 nova. Aquesta nova extrema dreta \u00e9s fruit de les transformacions i de les actualitzacions ideol\u00f2giques comen\u00e7ades amb de Benoist i la Nouvelle Droite als anys seixanta, per\u00f2 tamb\u00e9 \u00e9s filla de les noves tecnologies que ha sabut utilitzar abans i millor que els altres per viralitzar el seu discurs i les seves idees, permetent aix\u00ed la seva normalitzaci\u00f3. Finalment, el meu prop\u00f2sit ha estat tamb\u00e9 remarcar que estem parlant d&#8217;una gran fam\u00edlia global: m\u00e9s enll\u00e0 de les diverg\u00e8ncies que puguin tenir sobre alguns temes, tots aquests l\u00edders pol\u00edtics comparteixen la gran majoria de refer\u00e8ncies ideol\u00f2giques i d&#8217;estrat\u00e8gies pol\u00edtiques i comunicatives. Ells mateixos es consideren part d&#8217;una mateixa fam\u00edlia: nom\u00e9s cal veure les seves relacions personals i l&#8217;espessa xarxa de fundacions, <em>think tanks<\/em> i associacions que comparteixen.<\/p>\n<p><strong>Quin hauria de ser el paper de l\u2019esquerra en un panorama tan inquietant?<\/strong><\/p>\n<p>L&#8217;esquerra ha de tornar a fer la batalla cultural. L&#8217;extrema dreta fa d\u00e8cades que pica pedra: ara est\u00e0 recollint els fruits. Donar la batalla cultural vol dir promoure un projecte esperan\u00e7ador de futur. Un projecte que ha de ser inclusiu i incloent. Un projecte que rebutgi tant els cants de sirena del neoliberalisme, aix\u00ed com el puritanisme ideol\u00f2gic <em>autoguetitzant<\/em>. Al mateix temps, per\u00f2, l&#8217;esquerra ha de saber crear novament comunitat, reconstruint els lla\u00e7os trencats fruit de gaireb\u00e9 mig segle d&#8217;hegemonia neoliberal. Aquesta comunitat no es construeix, com els agrada repetir als roig-bruns, pensant que les lluites materials no van de la m\u00e0 de les mal anomenades lluites identit\u00e0ries: unes millors condicions de vida per a la classe treballadora seran possibles, \u00e8ticament i pol\u00edticament, nom\u00e9s si hi ha igualtat de g\u00e8nere, ple reconeixement dels drets LGTBIQ+ i de la poblaci\u00f3 migrant. El repte \u00e9s enorme, sens dubte. Per\u00f2 el temps corre i el que ens juguem \u00e9s molt\u00edssim.<\/p>\n<hr \/>\n<p>Font:\u00a0<strong>educational EVIDENCE<\/strong><\/p>\n<p>Drets:\u00a0<strong>Creative Commons<\/strong><\/p>\n","protected":false},"excerpt":{"rendered":"<p>Steven Forti, professor d&#8217;Hist\u00f2ria Contempor\u00e0nia a la Universitat Aut\u00f2noma de Barcelona, \u200b\u200bacaba de publicar Democracias en extinci\u00f3n. El espectro de las autocracias electorales (Akal), un llibre que aprofundeix i actualitza el que ja va estudiar a Extrema derecha 2.0. Qu\u00e9 es y c\u00f3mo combatirla (Siglo XXI, 2021). Actualment \u00e9s tamb\u00e9 coordinador local del projecte de recerca europeu &#8216;Analysis of and Response to Extremist Narratives&#8217; (ARENAS).<\/p>\n","protected":false},"author":4,"featured_media":24579,"comment_status":"open","ping_status":"open","sticky":false,"template":"","format":"standard","meta":{"_FSMCFIC_featured_image_caption":"","_FSMCFIC_featured_image_nocaption":"1","_FSMCFIC_featured_image_hide":"","footnotes":""},"categories":[243,241],"tags":[2521,2522,2520,2502],"class_list":["post-24678","post","type-post","status-publish","format-standard","has-post-thumbnail","hentry","category-ideologia-ca","category-politica-ca","tag-democracia-liberal","tag-extrema-dreta-2-0","tag-neoliberalisme","tag-steven-forti-ca"],"yoast_head":"<!-- This site is optimized with the Yoast SEO plugin v27.4 - https:\/\/yoast.com\/product\/yoast-seo-wordpress\/ -->\n<title>Steven Forti: &quot;L&#039;esquerra ha de tornar a donar la batalla cultural&quot; - Educational Evidence<\/title>\n<meta name=\"description\" content=\"Steven Forti, professor d&#039;Hist\u00f2ria Contempor\u00e0nia a la Universitat Aut\u00f2noma de Barcelona, \u200b\u200bacaba de publicar Democracias en extinci\u00f3n. El espectro de las autocracias electorales (Akal), un llibre que aprofundeix i actualitza el que ja va estudiar a Extrema derecha 2.0. Qu\u00e9 es y c\u00f3mo combatirla (Siglo XXI, 2021). Actualment \u00e9s tamb\u00e9 coordinador local del projecte de recerca europeu &#039;Analysis of and Response to Extremist Narratives&#039; (ARENAS).\" \/>\n<meta name=\"robots\" content=\"index, follow, max-snippet:-1, max-image-preview:large, max-video-preview:-1\" \/>\n<link rel=\"canonical\" href=\"https:\/\/educationalevidence.com\/ca\/steven-forti-lesquerra-ha-de-tornar-a-donar-la-batalla-cultural\/\" \/>\n<meta property=\"og:locale\" content=\"ca_ES\" \/>\n<meta property=\"og:type\" content=\"article\" \/>\n<meta property=\"og:title\" content=\"Steven Forti: &quot;L&#039;esquerra ha de tornar a donar la batalla cultural&quot; - Educational Evidence\" \/>\n<meta property=\"og:description\" content=\"Steven Forti, professor d&#039;Hist\u00f2ria Contempor\u00e0nia a la Universitat Aut\u00f2noma de Barcelona, \u200b\u200bacaba de publicar Democracias en extinci\u00f3n. El espectro de las autocracias electorales (Akal), un llibre que aprofundeix i actualitza el que ja va estudiar a Extrema derecha 2.0. Qu\u00e9 es y c\u00f3mo combatirla (Siglo XXI, 2021). Actualment \u00e9s tamb\u00e9 coordinador local del projecte de recerca europeu &#039;Analysis of and Response to Extremist Narratives&#039; (ARENAS).\" \/>\n<meta property=\"og:url\" content=\"https:\/\/educationalevidence.com\/ca\/steven-forti-lesquerra-ha-de-tornar-a-donar-la-batalla-cultural\/\" \/>\n<meta property=\"og:site_name\" content=\"Educational Evidence\" \/>\n<meta property=\"article:published_time\" content=\"2025-02-14T08:26:17+00:00\" \/>\n<meta property=\"article:modified_time\" content=\"2025-02-14T08:26:31+00:00\" \/>\n<meta property=\"og:image\" content=\"https:\/\/educationalevidence.com\/wp-content\/uploads\/2025\/02\/StevenForti_Foto_Fabrizio_Fenucci_low.jpg\" \/>\n\t<meta property=\"og:image:width\" content=\"900\" \/>\n\t<meta property=\"og:image:height\" content=\"687\" \/>\n\t<meta property=\"og:image:type\" content=\"image\/jpeg\" \/>\n<meta name=\"author\" content=\"educational EVIDENCE\" \/>\n<meta name=\"twitter:card\" content=\"summary_large_image\" \/>\n<meta name=\"twitter:label1\" content=\"Escrit per\" \/>\n\t<meta name=\"twitter:data1\" content=\"Andreu Navarra\" \/>\n\t<meta name=\"twitter:label2\" content=\"Temps estimat de lectura\" \/>\n\t<meta name=\"twitter:data2\" content=\"14 minuts\" \/>\n<script type=\"application\/ld+json\" class=\"yoast-schema-graph\">{\"@context\":\"https:\\\/\\\/schema.org\",\"@graph\":[{\"@type\":\"Article\",\"@id\":\"https:\\\/\\\/educationalevidence.com\\\/ca\\\/steven-forti-lesquerra-ha-de-tornar-a-donar-la-batalla-cultural\\\/#article\",\"isPartOf\":{\"@id\":\"https:\\\/\\\/educationalevidence.com\\\/ca\\\/steven-forti-lesquerra-ha-de-tornar-a-donar-la-batalla-cultural\\\/\"},\"author\":{\"name\":\"educational EVIDENCE\",\"@id\":\"https:\\\/\\\/educationalevidence.com\\\/ca\\\/#\\\/schema\\\/person\\\/91a8797f56f6a2e7ba6fd6297739bbf1\"},\"headline\":\"Steven Forti: &#8220;L&#8217;esquerra ha de tornar a donar la batalla cultural&#8221;\",\"datePublished\":\"2025-02-14T08:26:17+00:00\",\"dateModified\":\"2025-02-14T08:26:31+00:00\",\"mainEntityOfPage\":{\"@id\":\"https:\\\/\\\/educationalevidence.com\\\/ca\\\/steven-forti-lesquerra-ha-de-tornar-a-donar-la-batalla-cultural\\\/\"},\"wordCount\":3177,\"commentCount\":0,\"publisher\":{\"@id\":\"https:\\\/\\\/educationalevidence.com\\\/ca\\\/#organization\"},\"image\":{\"@id\":\"https:\\\/\\\/educationalevidence.com\\\/ca\\\/steven-forti-lesquerra-ha-de-tornar-a-donar-la-batalla-cultural\\\/#primaryimage\"},\"thumbnailUrl\":\"https:\\\/\\\/educationalevidence.com\\\/wp-content\\\/uploads\\\/2025\\\/02\\\/StevenForti_Foto_Fabrizio_Fenucci_low.jpg\",\"keywords\":[\"democr\u00e0cia liberal\",\"extrema dreta 2.0\",\"neoliberalisme\",\"Steven Forti\"],\"articleSection\":[\"Ideologia\",\"Pol\u00edtica\"],\"inLanguage\":\"ca\",\"potentialAction\":[{\"@type\":\"CommentAction\",\"name\":\"Comment\",\"target\":[\"https:\\\/\\\/educationalevidence.com\\\/ca\\\/steven-forti-lesquerra-ha-de-tornar-a-donar-la-batalla-cultural\\\/#respond\"]}]},{\"@type\":\"WebPage\",\"@id\":\"https:\\\/\\\/educationalevidence.com\\\/ca\\\/steven-forti-lesquerra-ha-de-tornar-a-donar-la-batalla-cultural\\\/\",\"url\":\"https:\\\/\\\/educationalevidence.com\\\/ca\\\/steven-forti-lesquerra-ha-de-tornar-a-donar-la-batalla-cultural\\\/\",\"name\":\"Steven Forti: \\\"L'esquerra ha de tornar a donar la batalla cultural\\\" - Educational Evidence\",\"isPartOf\":{\"@id\":\"https:\\\/\\\/educationalevidence.com\\\/ca\\\/#website\"},\"primaryImageOfPage\":{\"@id\":\"https:\\\/\\\/educationalevidence.com\\\/ca\\\/steven-forti-lesquerra-ha-de-tornar-a-donar-la-batalla-cultural\\\/#primaryimage\"},\"image\":{\"@id\":\"https:\\\/\\\/educationalevidence.com\\\/ca\\\/steven-forti-lesquerra-ha-de-tornar-a-donar-la-batalla-cultural\\\/#primaryimage\"},\"thumbnailUrl\":\"https:\\\/\\\/educationalevidence.com\\\/wp-content\\\/uploads\\\/2025\\\/02\\\/StevenForti_Foto_Fabrizio_Fenucci_low.jpg\",\"datePublished\":\"2025-02-14T08:26:17+00:00\",\"dateModified\":\"2025-02-14T08:26:31+00:00\",\"description\":\"Steven Forti, professor d'Hist\u00f2ria Contempor\u00e0nia a la Universitat Aut\u00f2noma de Barcelona, \u200b\u200bacaba de publicar Democracias en extinci\u00f3n. El espectro de las autocracias electorales (Akal), un llibre que aprofundeix i actualitza el que ja va estudiar a Extrema derecha 2.0. Qu\u00e9 es y c\u00f3mo combatirla (Siglo XXI, 2021). Actualment \u00e9s tamb\u00e9 coordinador local del projecte de recerca europeu 'Analysis of and Response to Extremist Narratives' (ARENAS).\",\"breadcrumb\":{\"@id\":\"https:\\\/\\\/educationalevidence.com\\\/ca\\\/steven-forti-lesquerra-ha-de-tornar-a-donar-la-batalla-cultural\\\/#breadcrumb\"},\"inLanguage\":\"ca\",\"potentialAction\":[{\"@type\":\"ReadAction\",\"target\":[\"https:\\\/\\\/educationalevidence.com\\\/ca\\\/steven-forti-lesquerra-ha-de-tornar-a-donar-la-batalla-cultural\\\/\"]}]},{\"@type\":\"ImageObject\",\"inLanguage\":\"ca\",\"@id\":\"https:\\\/\\\/educationalevidence.com\\\/ca\\\/steven-forti-lesquerra-ha-de-tornar-a-donar-la-batalla-cultural\\\/#primaryimage\",\"url\":\"https:\\\/\\\/educationalevidence.com\\\/wp-content\\\/uploads\\\/2025\\\/02\\\/StevenForti_Foto_Fabrizio_Fenucci_low.jpg\",\"contentUrl\":\"https:\\\/\\\/educationalevidence.com\\\/wp-content\\\/uploads\\\/2025\\\/02\\\/StevenForti_Foto_Fabrizio_Fenucci_low.jpg\",\"width\":900,\"height\":687,\"caption\":\"Steven Forti. \\\/ Foto: Cortes\u00eda del autor\"},{\"@type\":\"BreadcrumbList\",\"@id\":\"https:\\\/\\\/educationalevidence.com\\\/ca\\\/steven-forti-lesquerra-ha-de-tornar-a-donar-la-batalla-cultural\\\/#breadcrumb\",\"itemListElement\":[{\"@type\":\"ListItem\",\"position\":1,\"name\":\"Portada\",\"item\":\"https:\\\/\\\/educationalevidence.com\\\/ca\\\/\"},{\"@type\":\"ListItem\",\"position\":2,\"name\":\"Steven Forti: &#8220;L&#8217;esquerra ha de tornar a donar la batalla cultural&#8221;\"}]},{\"@type\":\"WebSite\",\"@id\":\"https:\\\/\\\/educationalevidence.com\\\/ca\\\/#website\",\"url\":\"https:\\\/\\\/educationalevidence.com\\\/ca\\\/\",\"name\":\"Educational Evidence\",\"description\":\"\",\"publisher\":{\"@id\":\"https:\\\/\\\/educationalevidence.com\\\/ca\\\/#organization\"},\"potentialAction\":[{\"@type\":\"SearchAction\",\"target\":{\"@type\":\"EntryPoint\",\"urlTemplate\":\"https:\\\/\\\/educationalevidence.com\\\/ca\\\/?s={search_term_string}\"},\"query-input\":{\"@type\":\"PropertyValueSpecification\",\"valueRequired\":true,\"valueName\":\"search_term_string\"}}],\"inLanguage\":\"ca\"},{\"@type\":\"Organization\",\"@id\":\"https:\\\/\\\/educationalevidence.com\\\/ca\\\/#organization\",\"name\":\"Educational Evidence\",\"url\":\"https:\\\/\\\/educationalevidence.com\\\/ca\\\/\",\"logo\":{\"@type\":\"ImageObject\",\"inLanguage\":\"ca\",\"@id\":\"https:\\\/\\\/educationalevidence.com\\\/ca\\\/#\\\/schema\\\/logo\\\/image\\\/\",\"url\":\"https:\\\/\\\/educationalevidence.com\\\/wp-content\\\/uploads\\\/2023\\\/07\\\/educational_evidence_logo_horitzontal_blanc_negatiu.png\",\"contentUrl\":\"https:\\\/\\\/educationalevidence.com\\\/wp-content\\\/uploads\\\/2023\\\/07\\\/educational_evidence_logo_horitzontal_blanc_negatiu.png\",\"width\":3508,\"height\":1090,\"caption\":\"Educational Evidence\"},\"image\":{\"@id\":\"https:\\\/\\\/educationalevidence.com\\\/ca\\\/#\\\/schema\\\/logo\\\/image\\\/\"}},{\"@type\":\"Person\",\"@id\":\"https:\\\/\\\/educationalevidence.com\\\/ca\\\/#\\\/schema\\\/person\\\/91a8797f56f6a2e7ba6fd6297739bbf1\",\"name\":\"educational EVIDENCE\",\"image\":{\"@type\":\"ImageObject\",\"inLanguage\":\"ca\",\"@id\":\"https:\\\/\\\/educationalevidence.com\\\/wp-content\\\/litespeed\\\/avatar\\\/e9888a11dc51b117a0209ebd4a5f884d.jpg?ver=1776848342\",\"url\":\"https:\\\/\\\/educationalevidence.com\\\/wp-content\\\/litespeed\\\/avatar\\\/e9888a11dc51b117a0209ebd4a5f884d.jpg?ver=1776848342\",\"contentUrl\":\"https:\\\/\\\/educationalevidence.com\\\/wp-content\\\/litespeed\\\/avatar\\\/e9888a11dc51b117a0209ebd4a5f884d.jpg?ver=1776848342\",\"caption\":\"educational EVIDENCE\"},\"sameAs\":[\"https:\\\/\\\/educationalevidence.com\\\/\"],\"url\":\"\"}]}<\/script>\n<!-- \/ Yoast SEO plugin. -->","yoast_head_json":{"title":"Steven Forti: \"L'esquerra ha de tornar a donar la batalla cultural\" - Educational Evidence","description":"Steven Forti, professor d'Hist\u00f2ria Contempor\u00e0nia a la Universitat Aut\u00f2noma de Barcelona, \u200b\u200bacaba de publicar Democracias en extinci\u00f3n. El espectro de las autocracias electorales (Akal), un llibre que aprofundeix i actualitza el que ja va estudiar a Extrema derecha 2.0. Qu\u00e9 es y c\u00f3mo combatirla (Siglo XXI, 2021). Actualment \u00e9s tamb\u00e9 coordinador local del projecte de recerca europeu 'Analysis of and Response to Extremist Narratives' (ARENAS).","robots":{"index":"index","follow":"follow","max-snippet":"max-snippet:-1","max-image-preview":"max-image-preview:large","max-video-preview":"max-video-preview:-1"},"canonical":"https:\/\/educationalevidence.com\/ca\/steven-forti-lesquerra-ha-de-tornar-a-donar-la-batalla-cultural\/","og_locale":"ca_ES","og_type":"article","og_title":"Steven Forti: \"L'esquerra ha de tornar a donar la batalla cultural\" - Educational Evidence","og_description":"Steven Forti, professor d'Hist\u00f2ria Contempor\u00e0nia a la Universitat Aut\u00f2noma de Barcelona, \u200b\u200bacaba de publicar Democracias en extinci\u00f3n. El espectro de las autocracias electorales (Akal), un llibre que aprofundeix i actualitza el que ja va estudiar a Extrema derecha 2.0. Qu\u00e9 es y c\u00f3mo combatirla (Siglo XXI, 2021). Actualment \u00e9s tamb\u00e9 coordinador local del projecte de recerca europeu 'Analysis of and Response to Extremist Narratives' (ARENAS).","og_url":"https:\/\/educationalevidence.com\/ca\/steven-forti-lesquerra-ha-de-tornar-a-donar-la-batalla-cultural\/","og_site_name":"Educational Evidence","article_published_time":"2025-02-14T08:26:17+00:00","article_modified_time":"2025-02-14T08:26:31+00:00","og_image":[{"width":900,"height":687,"url":"https:\/\/educationalevidence.com\/wp-content\/uploads\/2025\/02\/StevenForti_Foto_Fabrizio_Fenucci_low.jpg","type":"image\/jpeg"}],"author":"educational EVIDENCE","twitter_card":"summary_large_image","twitter_misc":{"Escrit per":"Andreu Navarra","Temps estimat de lectura":"14 minuts"},"schema":{"@context":"https:\/\/schema.org","@graph":[{"@type":"Article","@id":"https:\/\/educationalevidence.com\/ca\/steven-forti-lesquerra-ha-de-tornar-a-donar-la-batalla-cultural\/#article","isPartOf":{"@id":"https:\/\/educationalevidence.com\/ca\/steven-forti-lesquerra-ha-de-tornar-a-donar-la-batalla-cultural\/"},"author":{"name":"educational EVIDENCE","@id":"https:\/\/educationalevidence.com\/ca\/#\/schema\/person\/91a8797f56f6a2e7ba6fd6297739bbf1"},"headline":"Steven Forti: &#8220;L&#8217;esquerra ha de tornar a donar la batalla cultural&#8221;","datePublished":"2025-02-14T08:26:17+00:00","dateModified":"2025-02-14T08:26:31+00:00","mainEntityOfPage":{"@id":"https:\/\/educationalevidence.com\/ca\/steven-forti-lesquerra-ha-de-tornar-a-donar-la-batalla-cultural\/"},"wordCount":3177,"commentCount":0,"publisher":{"@id":"https:\/\/educationalevidence.com\/ca\/#organization"},"image":{"@id":"https:\/\/educationalevidence.com\/ca\/steven-forti-lesquerra-ha-de-tornar-a-donar-la-batalla-cultural\/#primaryimage"},"thumbnailUrl":"https:\/\/educationalevidence.com\/wp-content\/uploads\/2025\/02\/StevenForti_Foto_Fabrizio_Fenucci_low.jpg","keywords":["democr\u00e0cia liberal","extrema dreta 2.0","neoliberalisme","Steven Forti"],"articleSection":["Ideologia","Pol\u00edtica"],"inLanguage":"ca","potentialAction":[{"@type":"CommentAction","name":"Comment","target":["https:\/\/educationalevidence.com\/ca\/steven-forti-lesquerra-ha-de-tornar-a-donar-la-batalla-cultural\/#respond"]}]},{"@type":"WebPage","@id":"https:\/\/educationalevidence.com\/ca\/steven-forti-lesquerra-ha-de-tornar-a-donar-la-batalla-cultural\/","url":"https:\/\/educationalevidence.com\/ca\/steven-forti-lesquerra-ha-de-tornar-a-donar-la-batalla-cultural\/","name":"Steven Forti: \"L'esquerra ha de tornar a donar la batalla cultural\" - Educational Evidence","isPartOf":{"@id":"https:\/\/educationalevidence.com\/ca\/#website"},"primaryImageOfPage":{"@id":"https:\/\/educationalevidence.com\/ca\/steven-forti-lesquerra-ha-de-tornar-a-donar-la-batalla-cultural\/#primaryimage"},"image":{"@id":"https:\/\/educationalevidence.com\/ca\/steven-forti-lesquerra-ha-de-tornar-a-donar-la-batalla-cultural\/#primaryimage"},"thumbnailUrl":"https:\/\/educationalevidence.com\/wp-content\/uploads\/2025\/02\/StevenForti_Foto_Fabrizio_Fenucci_low.jpg","datePublished":"2025-02-14T08:26:17+00:00","dateModified":"2025-02-14T08:26:31+00:00","description":"Steven Forti, professor d'Hist\u00f2ria Contempor\u00e0nia a la Universitat Aut\u00f2noma de Barcelona, \u200b\u200bacaba de publicar Democracias en extinci\u00f3n. El espectro de las autocracias electorales (Akal), un llibre que aprofundeix i actualitza el que ja va estudiar a Extrema derecha 2.0. Qu\u00e9 es y c\u00f3mo combatirla (Siglo XXI, 2021). Actualment \u00e9s tamb\u00e9 coordinador local del projecte de recerca europeu 'Analysis of and Response to Extremist Narratives' (ARENAS).","breadcrumb":{"@id":"https:\/\/educationalevidence.com\/ca\/steven-forti-lesquerra-ha-de-tornar-a-donar-la-batalla-cultural\/#breadcrumb"},"inLanguage":"ca","potentialAction":[{"@type":"ReadAction","target":["https:\/\/educationalevidence.com\/ca\/steven-forti-lesquerra-ha-de-tornar-a-donar-la-batalla-cultural\/"]}]},{"@type":"ImageObject","inLanguage":"ca","@id":"https:\/\/educationalevidence.com\/ca\/steven-forti-lesquerra-ha-de-tornar-a-donar-la-batalla-cultural\/#primaryimage","url":"https:\/\/educationalevidence.com\/wp-content\/uploads\/2025\/02\/StevenForti_Foto_Fabrizio_Fenucci_low.jpg","contentUrl":"https:\/\/educationalevidence.com\/wp-content\/uploads\/2025\/02\/StevenForti_Foto_Fabrizio_Fenucci_low.jpg","width":900,"height":687,"caption":"Steven Forti. \/ Foto: Cortes\u00eda del autor"},{"@type":"BreadcrumbList","@id":"https:\/\/educationalevidence.com\/ca\/steven-forti-lesquerra-ha-de-tornar-a-donar-la-batalla-cultural\/#breadcrumb","itemListElement":[{"@type":"ListItem","position":1,"name":"Portada","item":"https:\/\/educationalevidence.com\/ca\/"},{"@type":"ListItem","position":2,"name":"Steven Forti: &#8220;L&#8217;esquerra ha de tornar a donar la batalla cultural&#8221;"}]},{"@type":"WebSite","@id":"https:\/\/educationalevidence.com\/ca\/#website","url":"https:\/\/educationalevidence.com\/ca\/","name":"Educational Evidence","description":"","publisher":{"@id":"https:\/\/educationalevidence.com\/ca\/#organization"},"potentialAction":[{"@type":"SearchAction","target":{"@type":"EntryPoint","urlTemplate":"https:\/\/educationalevidence.com\/ca\/?s={search_term_string}"},"query-input":{"@type":"PropertyValueSpecification","valueRequired":true,"valueName":"search_term_string"}}],"inLanguage":"ca"},{"@type":"Organization","@id":"https:\/\/educationalevidence.com\/ca\/#organization","name":"Educational Evidence","url":"https:\/\/educationalevidence.com\/ca\/","logo":{"@type":"ImageObject","inLanguage":"ca","@id":"https:\/\/educationalevidence.com\/ca\/#\/schema\/logo\/image\/","url":"https:\/\/educationalevidence.com\/wp-content\/uploads\/2023\/07\/educational_evidence_logo_horitzontal_blanc_negatiu.png","contentUrl":"https:\/\/educationalevidence.com\/wp-content\/uploads\/2023\/07\/educational_evidence_logo_horitzontal_blanc_negatiu.png","width":3508,"height":1090,"caption":"Educational Evidence"},"image":{"@id":"https:\/\/educationalevidence.com\/ca\/#\/schema\/logo\/image\/"}},{"@type":"Person","@id":"https:\/\/educationalevidence.com\/ca\/#\/schema\/person\/91a8797f56f6a2e7ba6fd6297739bbf1","name":"educational EVIDENCE","image":{"@type":"ImageObject","inLanguage":"ca","@id":"https:\/\/educationalevidence.com\/wp-content\/litespeed\/avatar\/e9888a11dc51b117a0209ebd4a5f884d.jpg?ver=1776848342","url":"https:\/\/educationalevidence.com\/wp-content\/litespeed\/avatar\/e9888a11dc51b117a0209ebd4a5f884d.jpg?ver=1776848342","contentUrl":"https:\/\/educationalevidence.com\/wp-content\/litespeed\/avatar\/e9888a11dc51b117a0209ebd4a5f884d.jpg?ver=1776848342","caption":"educational EVIDENCE"},"sameAs":["https:\/\/educationalevidence.com\/"],"url":""}]}},"_links":{"self":[{"href":"https:\/\/educationalevidence.com\/ca\/wp-json\/wp\/v2\/posts\/24678","targetHints":{"allow":["GET"]}}],"collection":[{"href":"https:\/\/educationalevidence.com\/ca\/wp-json\/wp\/v2\/posts"}],"about":[{"href":"https:\/\/educationalevidence.com\/ca\/wp-json\/wp\/v2\/types\/post"}],"author":[{"embeddable":true,"href":"https:\/\/educationalevidence.com\/ca\/wp-json\/wp\/v2\/users\/4"}],"replies":[{"embeddable":true,"href":"https:\/\/educationalevidence.com\/ca\/wp-json\/wp\/v2\/comments?post=24678"}],"version-history":[{"count":12,"href":"https:\/\/educationalevidence.com\/ca\/wp-json\/wp\/v2\/posts\/24678\/revisions"}],"predecessor-version":[{"id":24872,"href":"https:\/\/educationalevidence.com\/ca\/wp-json\/wp\/v2\/posts\/24678\/revisions\/24872"}],"wp:featuredmedia":[{"embeddable":true,"href":"https:\/\/educationalevidence.com\/ca\/wp-json\/wp\/v2\/media\/24579"}],"wp:attachment":[{"href":"https:\/\/educationalevidence.com\/ca\/wp-json\/wp\/v2\/media?parent=24678"}],"wp:term":[{"taxonomy":"category","embeddable":true,"href":"https:\/\/educationalevidence.com\/ca\/wp-json\/wp\/v2\/categories?post=24678"},{"taxonomy":"post_tag","embeddable":true,"href":"https:\/\/educationalevidence.com\/ca\/wp-json\/wp\/v2\/tags?post=24678"}],"curies":[{"name":"wp","href":"https:\/\/api.w.org\/{rel}","templated":true}]}}