{"id":22331,"date":"2024-11-25T09:22:43","date_gmt":"2024-11-25T08:22:43","guid":{"rendered":"https:\/\/educationalevidence.com\/?p=22331"},"modified":"2024-11-26T09:38:25","modified_gmt":"2024-11-26T08:38:25","slug":"el-pedagogisme-digital-a-debat","status":"publish","type":"post","link":"https:\/\/educationalevidence.com\/ca\/el-pedagogisme-digital-a-debat\/","title":{"rendered":"El pedagogisme digital a debat"},"content":{"rendered":"<h1>El pedagogisme digital a debat<\/h1>\n<p>XII Jornades del Sindicat Professors de Secund\u00e0ria (aspepc\u00b7sps)<\/p>\n<figure id=\"attachment_22307\" aria-describedby=\"caption-attachment-22307\" style=\"width: 899px\" class=\"wp-caption aligncenter\"><img fetchpriority=\"high\" decoding=\"async\" class=\"size-full wp-image-22307\" src=\"https:\/\/educationalevidence.com\/wp-content\/uploads\/2024\/11\/Therfer-PP.jpg\" alt=\"\" width=\"899\" height=\"672\" srcset=\"https:\/\/educationalevidence.com\/wp-content\/uploads\/2024\/11\/Therfer-PP.jpg 899w, https:\/\/educationalevidence.com\/wp-content\/uploads\/2024\/11\/Therfer-PP-300x224.jpg 300w, https:\/\/educationalevidence.com\/wp-content\/uploads\/2024\/11\/Therfer-PP-768x574.jpg 768w, https:\/\/educationalevidence.com\/wp-content\/uploads\/2024\/11\/Therfer-PP-441x330.jpg 441w, https:\/\/educationalevidence.com\/wp-content\/uploads\/2024\/11\/Therfer-PP-241x180.jpg 241w\" sizes=\"(max-width: 899px) 100vw, 899px\" \/><figcaption id=\"caption-attachment-22307\" class=\"wp-caption-text\">Moment de la taula rodona. D&#8217;esquerra a dreta: Dori Huertas, Antoni Hern\u00e1ndez-Fern\u00e1ndez, M\u00edriam Gallego i Maria Josep Ra\u00efch \/ Foto: <a href=\"https:\/\/secundaria.info\/portal\/\" target=\"_blank\" rel=\"noopener\">aspepc.sps<\/a> <span style=\"font-size: 16px;\">\u00a0<\/span><\/figcaption><\/figure>\n<p><a style=\"display: inline-block;\" href=\"https:\/\/creativecommons.org\/licenses\/by-nc-nd\/4.0\/deed.ca\" target=\"_blank\" rel=\"license noopener noreferrer\">Llic\u00e8ncia Creative Commons<img decoding=\"async\" style=\"height: 22px!important; margin-left: 3px; vertical-align: text-bottom;\" src=\"https:\/\/mirrors.creativecommons.org\/presskit\/icons\/cc.svg?ref=chooser-v1\" \/><img decoding=\"async\" style=\"height: 22px!important; margin-left: 3px; vertical-align: text-bottom;\" src=\"https:\/\/mirrors.creativecommons.org\/presskit\/icons\/by.svg?ref=chooser-v1\" \/><img decoding=\"async\" style=\"height: 22px!important; margin-left: 3px; vertical-align: text-bottom;\" src=\"https:\/\/mirrors.creativecommons.org\/presskit\/icons\/nc.svg?ref=chooser-v1\" \/><img decoding=\"async\" style=\"height: 22px!important; margin-left: 3px; vertical-align: text-bottom;\" src=\"https:\/\/mirrors.creativecommons.org\/presskit\/icons\/nd.svg?ref=chooser-v1\" \/><\/a><\/p>\n<p><a href=\"https:\/\/twitter.com\/DAVIDRABADA\"><strong><img decoding=\"async\" class=\"alignleft wp-image-14927\" src=\"https:\/\/educationalevidence.com\/wp-content\/uploads\/2024\/04\/David-Rabada-1-150x150.jpg\" alt=\"\" width=\"70\" height=\"70\" \/><\/strong><\/a><\/p>\n<p>&nbsp;<\/p>\n<p><a href=\"https:\/\/twitter.com\/DAVIDRABADA\"><strong>David Rabad\u00e0<\/strong><\/a><\/p>\n<p>&nbsp;<\/p>\n<p>No \u00e9s el mateix l\u2019ecologia que l\u2019ecologisme. El primer \u00e9s una disciplina\u00a0 cient\u00edfica per al coneixement, una \u201c<strong>logia<\/strong>\u201d, i el segon una postura ideol\u00f2gica, un \u201c<strong>isme<\/strong>\u201d. El mateix podem dir de la cristologia i el cristianisme o de <strong>la pedagogia i el pedagogisme<\/strong>. Les disciplines per al coneixement com la biologia, la geologia o la pedagogia, intenten explicar la realitat, mentre que les postures ideol\u00f2giques com el nazisme, l\u2019islamisme o el pedagogisme defensen la seva possessi\u00f3 de la veritat. Actualment la positura ideol\u00f2gica del <em>pedagogisme<\/em> governa totalment el sistema educatiu nacional, el que vindria a ser que uns astr\u00f2legs governessin la NASA. Vet aqu\u00ed que cada dia hi ha m\u00e9s docents i pedagogs cr\u00edtics que q\u00fcestionen amb arguments cient\u00edfics aquestes posicions oficials. Aix\u00f2 obliga a preguntar-se, <strong>qu\u00e8 \u00e9s el pedagogisme?<\/strong> Per qu\u00e8 aquest integrisme dogm\u00e0tic s\u2019oposa a l\u2019aut\u00e8ntica pedagogia? Com s\u2019ha produ\u00eft aquesta substituci\u00f3 d\u2019una disciplina auxiliar per una religi\u00f3 civil que no admet r\u00e8pliques ni revisions? Per qu\u00e8 els pedagogistes solen ser ferms defensors de la innovaci\u00f3 digital a l\u2019estil californi\u00e0? Quins interessos i quina ideologia s\u2019amaguen darrere d\u2019aquestes presumptes innovacions? I finalment, com podem millorar els resultats acad\u00e8mics contribuint a la igualtat d&#8217;oportunitats dels nostres alumnes?<\/p>\n<p>Totes aquestes preguntes han estat debatudes durant aquestes <strong>XII Jornades de Secund\u00e0ria<\/strong> inscrites i homologades en el marc del Pla de Formaci\u00f3 Permanent del Professorat pel Departament d\u2019Educaci\u00f3. L\u2019assist\u00e8ncia d\u2019experts de v\u00e0lua contrastada va permetre un ampli debat i aforament de l\u2019acte amb m\u00e9s de 80 assistents. Les pon\u00e8ncies van anar a c\u00e0rrec del Dr. <strong>Francisco Villar<\/strong>, psic\u00f2leg cl\u00ednic, de la Dra. <strong>Dori Huertas<\/strong>, coordinadora de la plataforma per a una educaci\u00f3 de qualitat, i del Dr. <strong>Antonio Hern\u00e1ndez<\/strong>, expert en ci\u00e8ncia cognitiva, tot gr\u00e0cies a l\u2019organitzaci\u00f3 de la <a href=\"https:\/\/fundacioepisteme.cat\/\" target=\"_blank\" rel=\"noopener\">Fundaci\u00f3 <span style=\"color: #0000ff;\">Episteme<\/span><\/a><span style=\"color: #0000ff;\">,<\/span> de l\u2019Associaci\u00f3 de Catedr\u00e0tics <span style=\"color: #0000ff;\">(<a style=\"color: #0000ff;\" href=\"https:\/\/acesc.net\/\" target=\"_blank\" rel=\"noopener\">ACESC<\/a>)<\/span> i de Professors de Secund\u00e0ria <span style=\"color: #0000ff;\">(<a style=\"color: #0000ff;\" href=\"https:\/\/secundaria.info\/portal\/\" target=\"_blank\" rel=\"noopener\">ASPEPC\u00b7SPS<\/a>),<\/span> sota la direcci\u00f3 del Dr. <strong>David Rabad\u00e0<\/strong>, divulgador cient\u00edfic. Especial inter\u00e8s va tenir tamb\u00e9 la pres\u00e8ncia de la directora d\u2019Innovaci\u00f3, Digitalitzaci\u00f3 i Curr\u00edculum del Departament d\u2019Educaci\u00f3, na <strong>Merc\u00e8 Andreu<\/strong>, m\u00e9s l\u2019inter\u00e8s mostrat per la consellera d\u2019educaci\u00f3, n\u2019<strong>Esther Niub\u00f3<\/strong>. L\u2019acte va tenir lloc els dies 22 i 23 de novembre de 2024 a la Sala d\u2019Actes de la Resid\u00e8ncia d\u2019Investigadors del CSIC a Barcelona. Van presentar les jornades la Directora executiva de la Fundaci\u00f3 Episteme, n\u2019<strong>Eva Serra<\/strong>, i el President d\u2019ACESC, el Dr. <strong>Josep Oton<\/strong>. Tanmateix, i durant el debat final, aquest va gaudir de la pres\u00e8ncia de les professores <strong>M\u00edriam Gallego<\/strong> i <strong>Maria Josep Ra\u00efch<\/strong>.<\/p>\n<figure id=\"attachment_22324\" aria-describedby=\"caption-attachment-22324\" style=\"width: 770px\" class=\"wp-caption aligncenter\"><img decoding=\"async\" class=\"size-full wp-image-22324\" src=\"https:\/\/educationalevidence.com\/wp-content\/uploads\/2024\/11\/Villar.jpg\" alt=\"\" width=\"770\" height=\"485\" srcset=\"https:\/\/educationalevidence.com\/wp-content\/uploads\/2024\/11\/Villar.jpg 770w, https:\/\/educationalevidence.com\/wp-content\/uploads\/2024\/11\/Villar-300x189.jpg 300w, https:\/\/educationalevidence.com\/wp-content\/uploads\/2024\/11\/Villar-768x484.jpg 768w, https:\/\/educationalevidence.com\/wp-content\/uploads\/2024\/11\/Villar-524x330.jpg 524w, https:\/\/educationalevidence.com\/wp-content\/uploads\/2024\/11\/Villar-270x170.jpg 270w\" sizes=\"(max-width: 770px) 100vw, 770px\" \/><figcaption id=\"caption-attachment-22324\" class=\"wp-caption-text\">El psic\u00f2leg cl\u00ednic Francisco Villar va mostrar literatura cr\u00edtica amb l?\u00fas de pantalles en menors durant la seva intervenci\u00f3. \/ Foto: <a href=\"https:\/\/secundaria.info\/portal\/\" target=\"_blank\" rel=\"noopener\">aspepc.sps<\/a><\/figcaption><\/figure>\n<p>Tots els presents van estar d\u2019acord que <strong>l\u2019ab\u00fas de les eines digitals<\/strong> defensada pel pedagogisme oficial comporta m\u00e9s problemes que beneficis en l\u2019ensenyament. Xacres com la manca de concentraci\u00f3 a les aules, els treballs escolars fets amb IA, les informacions d\u2019Internet falses, o una p\u00e8rdua general en la cultura de l\u2019esfor\u00e7, van ser denunciats per tots els ponents. La Dra. <strong>Dori Huertas<\/strong>, llicenciada en Farm\u00e0cia per la UB i doctora en Biologia\u00a0Molecular i Estructural per la UPC, havent-se dedicat a la recerca b\u00e0sica i aplicada en el camp de la Biomedicina durant 25 anys, va deixar clar que <strong>el pedagogisme digital ha fet m\u00e9s mal que b\u00e9<\/strong>. Ella mateixa, i per denunciar la baixada de nivell educatiu que ha comportat el pedagogisme, va impulsar i coordinar la Plataforma per l&#8217;Educaci\u00f3 de Qualitat a Catalunya on m\u00e9s de 3.000 fam\u00edlies li donen suport. Com a mare ha intentat traslladar als seus fills la passi\u00f3 per a aprendre des de ben petits. Amb la seva pon\u00e8ncia &#8220;La transformaci\u00f3 educativa. La visi\u00f3 de les fam\u00edlies\u201d, Dori ens diu que per a entendre el m\u00f3n que ens envolta \u00e9s essencial la funci\u00f3 curricular i acad\u00e8mica de l&#8217;escola, no pas el pedagogisme digital. En el \u00faltims\u00a0anys, la visi\u00f3 acad\u00e8mica s&#8217;ha vist compromesa per una transformaci\u00f3 educativa impulsada des de les administracions que, segons ella, ha impactat negativament en els aprenentatges dels alumnes, la qual cosa ha pogut comprovar, viure i patir en els seus fills. \u00c9s com a conseq\u00fc\u00e8ncia d\u2019aix\u00f2, i conven\u00e7uda de la necessitat que les fam\u00edlies defensin una educaci\u00f3 p\u00fablica de qualitat, que ha organitzat la Plataforma per l&#8217;Educaci\u00f3 de Qualitat, que reivindica, entre d\u2019altres coses, que les escoles e instituts facin un \u00fas racional de les pantalles i tinguin uns <strong>curr\u00edculums clars i estructurats en coneixements com a pas primordial per a ser competents.<\/strong><\/p>\n<p>El f\u00edsic, ling\u00fcista i professor de ci\u00e8ncia cognitiva, el Dr. <strong>Antonio Hern\u00e1ndez<\/strong>, \u2018Therfer\u2019 a l&#8217;univers digital, ha estat durant 27 anys docent de Secund\u00e0ria i Formaci\u00f3 Professional, i actualment \u00e9s professor agregat a la Universitat Polit\u00e8cnica de Catalunya (UPC). Com a membre de la Societat Catalana de Tecnologia (SCT) i del Comit\u00e8 d\u2019\u00c8tica de la UPC va denunciar que <strong>el pedagogisme digital est\u00e0 destruint l\u2019objectiu fonamental de l\u2019ensenyament, la transmissi\u00f3 de coneixements<\/strong>. Amb la pon\u00e8ncia titulada \u201cEducaci\u00f3 digital o ignor\u00e0ncia tecnol\u00f2gica?\u201d va deixar clar que l\u2019ab\u00fas dels suports telem\u00e0tics, tot i que sembla que s\u2019apr\u00e8n molt jugant i gaudint de les aplicacions, comporten cada cop m\u00e9s ignorants a l\u2019aula que no pas il\u00b7lustrats. <strong>No tot el que sembla entendre\u2019s amb un clic d\u2019ordinador, queda en la mem\u00f2ria a llarg termini<\/strong>.<\/p>\n<p>El psic\u00f2leg cl\u00ednic i especialista de la conducta a la inf\u00e0ncia i l&#8217;adolesc\u00e8ncia de l&#8217;Hospital Sant Joan de D\u00e9u de Barcelona, el Dr. <strong>Francisco Villar<\/strong>, ha estudiat en profunditat la relaci\u00f3 educativa entre l\u2019entorn i fam\u00edlies amb els menors d\u2019edat. Per aix\u00f2 va impulsar diverses l\u00ednies de recerca, publicacions i tesis doctorals sobra la conducta a l&#8217;adolesc\u00e8ncia. Actualment \u00e9s professor de M\u00e0ster a la UAB (Universitat Aut\u00f2noma de Barcelona) i de la Universitat Abat Oliba CEU. Com assessor de la Generalitat de Catalunya i de l&#8217;Ajuntament i Diputaci\u00f3 de Barcelona va deixar clar que <strong>durant la inf\u00e0ncia i l&#8217;adolesc\u00e8ncia cal ser molt cr\u00edtics amb l\u2019aplicaci\u00f3 massiva de les pantalles i de les noves tecnologies<\/strong>. Amb la seva pon\u00e8ncia &#8220;Salut mental i pantalles&#8221; va exposar la <strong>multitud d\u2019efectes perniciosos que implica el pedagogisme digital<\/strong> davant els \u00ednfims beneficis. En certa manera les pantalles estan devorant els nostres fills on les grans empreses tecnol\u00f2giques obtenen gratis molta informaci\u00f3 sobre els h\u00e0bits dels nostres alumnes i futurs ciutadans, per no parlar del risc d\u2019obesitat, p\u00e8rdua d\u2019hores de dormir, deteriorament de la maduresa, empitjorament dels resultats acad\u00e8mics, o l\u2019acc\u00e9s a una pornografia deseducativa entre molts altres problemes causats per l\u2019ab\u00fas de les pantalles.<\/p>\n<p>En resum, aquestes <strong>XII Jornades de Secund\u00e0ria<\/strong>, i amb l\u2019objectiu d\u2019ajudar a la millora de l\u2019actual sistema d\u2019ensenyament, van aportar molts fets en contra del pedagogisme digital. Sols esperar que la hist\u00f2ria de la nostra educaci\u00f3 no continu\u00ef sent tres passes endavant i quatre enrere.<\/p>\n<hr \/>\n<p>Font:\u00a0<strong>educational EVIDENCE<\/strong><\/p>\n<p>Drets:\u00a0<strong>Creative Commons<\/strong><\/p>\n","protected":false},"excerpt":{"rendered":"<p>No \u00e9s el mateix l\u2019ecologia que l\u2019ecologisme. El primer \u00e9s una disciplina\u00a0 cient\u00edfica per al coneixement, una \u201clogia\u201d, i el segon una postura ideol\u00f2gica, un \u201cisme\u201d. El mateix podem dir de la cristologia i el cristianisme o de la pedagogia i el pedagogisme. Les disciplines per al coneixement com la biologia, la geologia o la pedagogia, intenten explicar la realitat, mentre que les postures ideol\u00f2giques com el nazisme, l\u2019islamisme o el pedagogisme defensen la seva possessi\u00f3 de la veritat. Actualment la positura ideol\u00f2gica del pedagogisme governa totalment el sistema educatiu nacional<\/p>\n","protected":false},"author":4,"featured_media":22307,"comment_status":"open","ping_status":"open","sticky":false,"template":"","format":"standard","meta":{"_FSMCFIC_featured_image_caption":"","_FSMCFIC_featured_image_nocaption":"1","_FSMCFIC_featured_image_hide":"","footnotes":""},"categories":[248,246],"tags":[2092,2179,2182,2181,2180,2178,2183],"class_list":["post-22331","post","type-post","status-publish","format-standard","has-post-thumbnail","hentry","category-tecno-etica-ca","category-tecnologia-ca","tag-antoni-hernandez-fernandez-ca","tag-dori-huertas-ca","tag-francisco-villar-ca","tag-maria-josep-raich-ca","tag-miriam-gallego-ca","tag-pedagogisme-digital","tag-xii-jornades-de-secundaria"],"yoast_head":"<!-- This site is optimized with the Yoast SEO plugin v27.4 - https:\/\/yoast.com\/product\/yoast-seo-wordpress\/ -->\n<title>El pedagogisme digital a debat - Educational Evidence<\/title>\n<meta name=\"description\" content=\"No \u00e9s el mateix l\u2019ecologia que l\u2019ecologisme. El primer \u00e9s una disciplina\u00a0 cient\u00edfica per al coneixement, una \u201clogia\u201d, i el segon una postura ideol\u00f2gica, un \u201cisme\u201d. El mateix podem dir de la cristologia i el cristianisme o de la pedagogia i el pedagogisme. Les disciplines per al coneixement com la biologia, la geologia o la pedagogia, intenten explicar la realitat, mentre que les postures ideol\u00f2giques com el nazisme, l\u2019islamisme o el pedagogisme defensen la seva possessi\u00f3 de la veritat. Actualment la positura ideol\u00f2gica del pedagogisme governa totalment el sistema educatiu nacional\" \/>\n<meta name=\"robots\" content=\"index, follow, max-snippet:-1, max-image-preview:large, max-video-preview:-1\" \/>\n<link rel=\"canonical\" href=\"https:\/\/educationalevidence.com\/ca\/el-pedagogisme-digital-a-debat\/\" \/>\n<meta property=\"og:locale\" content=\"ca_ES\" \/>\n<meta property=\"og:type\" content=\"article\" \/>\n<meta property=\"og:title\" content=\"El pedagogisme digital a debat - Educational Evidence\" \/>\n<meta property=\"og:description\" content=\"No \u00e9s el mateix l\u2019ecologia que l\u2019ecologisme. El primer \u00e9s una disciplina\u00a0 cient\u00edfica per al coneixement, una \u201clogia\u201d, i el segon una postura ideol\u00f2gica, un \u201cisme\u201d. El mateix podem dir de la cristologia i el cristianisme o de la pedagogia i el pedagogisme. Les disciplines per al coneixement com la biologia, la geologia o la pedagogia, intenten explicar la realitat, mentre que les postures ideol\u00f2giques com el nazisme, l\u2019islamisme o el pedagogisme defensen la seva possessi\u00f3 de la veritat. Actualment la positura ideol\u00f2gica del pedagogisme governa totalment el sistema educatiu nacional\" \/>\n<meta property=\"og:url\" content=\"https:\/\/educationalevidence.com\/ca\/el-pedagogisme-digital-a-debat\/\" \/>\n<meta property=\"og:site_name\" content=\"Educational Evidence\" \/>\n<meta property=\"article:published_time\" content=\"2024-11-25T08:22:43+00:00\" \/>\n<meta property=\"article:modified_time\" content=\"2024-11-26T08:38:25+00:00\" \/>\n<meta property=\"og:image\" content=\"https:\/\/educationalevidence.com\/wp-content\/uploads\/2024\/11\/Therfer-PP.jpg\" \/>\n\t<meta property=\"og:image:width\" content=\"899\" \/>\n\t<meta property=\"og:image:height\" content=\"672\" \/>\n\t<meta property=\"og:image:type\" content=\"image\/jpeg\" \/>\n<meta name=\"author\" content=\"educational EVIDENCE\" \/>\n<meta name=\"twitter:card\" content=\"summary_large_image\" \/>\n<meta name=\"twitter:label1\" content=\"Escrit per\" \/>\n\t<meta name=\"twitter:data1\" content=\"David Rabad\u00e0 i Vives\" \/>\n\t<meta name=\"twitter:label2\" content=\"Temps estimat de lectura\" \/>\n\t<meta name=\"twitter:data2\" content=\"7 minuts\" \/>\n<script type=\"application\/ld+json\" class=\"yoast-schema-graph\">{\"@context\":\"https:\\\/\\\/schema.org\",\"@graph\":[{\"@type\":\"Article\",\"@id\":\"https:\\\/\\\/educationalevidence.com\\\/ca\\\/el-pedagogisme-digital-a-debat\\\/#article\",\"isPartOf\":{\"@id\":\"https:\\\/\\\/educationalevidence.com\\\/ca\\\/el-pedagogisme-digital-a-debat\\\/\"},\"author\":{\"name\":\"educational EVIDENCE\",\"@id\":\"https:\\\/\\\/educationalevidence.com\\\/ca\\\/#\\\/schema\\\/person\\\/91a8797f56f6a2e7ba6fd6297739bbf1\"},\"headline\":\"El pedagogisme digital a debat\",\"datePublished\":\"2024-11-25T08:22:43+00:00\",\"dateModified\":\"2024-11-26T08:38:25+00:00\",\"mainEntityOfPage\":{\"@id\":\"https:\\\/\\\/educationalevidence.com\\\/ca\\\/el-pedagogisme-digital-a-debat\\\/\"},\"wordCount\":1333,\"commentCount\":0,\"publisher\":{\"@id\":\"https:\\\/\\\/educationalevidence.com\\\/ca\\\/#organization\"},\"image\":{\"@id\":\"https:\\\/\\\/educationalevidence.com\\\/ca\\\/el-pedagogisme-digital-a-debat\\\/#primaryimage\"},\"thumbnailUrl\":\"https:\\\/\\\/educationalevidence.com\\\/wp-content\\\/uploads\\\/2024\\\/11\\\/Therfer-PP.jpg\",\"keywords\":[\"Antoni Hern\u00e1ndez-Fern\u00e1ndez\",\"Dori Huertas\",\"Francisco Villar\",\"Maria Josep Ra\u00efch\",\"M\u00edriam Gallego\",\"pedagogisme digital\",\"XII Jornades de Secund\u00e0ria\"],\"articleSection\":[\"Tecno-\u00e8tica\",\"Tecnologia\"],\"inLanguage\":\"ca\",\"potentialAction\":[{\"@type\":\"CommentAction\",\"name\":\"Comment\",\"target\":[\"https:\\\/\\\/educationalevidence.com\\\/ca\\\/el-pedagogisme-digital-a-debat\\\/#respond\"]}]},{\"@type\":\"WebPage\",\"@id\":\"https:\\\/\\\/educationalevidence.com\\\/ca\\\/el-pedagogisme-digital-a-debat\\\/\",\"url\":\"https:\\\/\\\/educationalevidence.com\\\/ca\\\/el-pedagogisme-digital-a-debat\\\/\",\"name\":\"El pedagogisme digital a debat - Educational Evidence\",\"isPartOf\":{\"@id\":\"https:\\\/\\\/educationalevidence.com\\\/ca\\\/#website\"},\"primaryImageOfPage\":{\"@id\":\"https:\\\/\\\/educationalevidence.com\\\/ca\\\/el-pedagogisme-digital-a-debat\\\/#primaryimage\"},\"image\":{\"@id\":\"https:\\\/\\\/educationalevidence.com\\\/ca\\\/el-pedagogisme-digital-a-debat\\\/#primaryimage\"},\"thumbnailUrl\":\"https:\\\/\\\/educationalevidence.com\\\/wp-content\\\/uploads\\\/2024\\\/11\\\/Therfer-PP.jpg\",\"datePublished\":\"2024-11-25T08:22:43+00:00\",\"dateModified\":\"2024-11-26T08:38:25+00:00\",\"description\":\"No \u00e9s el mateix l\u2019ecologia que l\u2019ecologisme. El primer \u00e9s una disciplina\u00a0 cient\u00edfica per al coneixement, una \u201clogia\u201d, i el segon una postura ideol\u00f2gica, un \u201cisme\u201d. El mateix podem dir de la cristologia i el cristianisme o de la pedagogia i el pedagogisme. Les disciplines per al coneixement com la biologia, la geologia o la pedagogia, intenten explicar la realitat, mentre que les postures ideol\u00f2giques com el nazisme, l\u2019islamisme o el pedagogisme defensen la seva possessi\u00f3 de la veritat. Actualment la positura ideol\u00f2gica del pedagogisme governa totalment el sistema educatiu nacional\",\"breadcrumb\":{\"@id\":\"https:\\\/\\\/educationalevidence.com\\\/ca\\\/el-pedagogisme-digital-a-debat\\\/#breadcrumb\"},\"inLanguage\":\"ca\",\"potentialAction\":[{\"@type\":\"ReadAction\",\"target\":[\"https:\\\/\\\/educationalevidence.com\\\/ca\\\/el-pedagogisme-digital-a-debat\\\/\"]}]},{\"@type\":\"ImageObject\",\"inLanguage\":\"ca\",\"@id\":\"https:\\\/\\\/educationalevidence.com\\\/ca\\\/el-pedagogisme-digital-a-debat\\\/#primaryimage\",\"url\":\"https:\\\/\\\/educationalevidence.com\\\/wp-content\\\/uploads\\\/2024\\\/11\\\/Therfer-PP.jpg\",\"contentUrl\":\"https:\\\/\\\/educationalevidence.com\\\/wp-content\\\/uploads\\\/2024\\\/11\\\/Therfer-PP.jpg\",\"width\":899,\"height\":672,\"caption\":\"Moment de la taula rodona. D'esquerra a dreta: Dori Huertas, Antoni Hern\u00e1ndez-Fern\u00e1ndez, M\u00edriam Gallego i Maria Josep Ra\u00efch \\\/ Foto:\"},{\"@type\":\"BreadcrumbList\",\"@id\":\"https:\\\/\\\/educationalevidence.com\\\/ca\\\/el-pedagogisme-digital-a-debat\\\/#breadcrumb\",\"itemListElement\":[{\"@type\":\"ListItem\",\"position\":1,\"name\":\"Portada\",\"item\":\"https:\\\/\\\/educationalevidence.com\\\/ca\\\/\"},{\"@type\":\"ListItem\",\"position\":2,\"name\":\"El pedagogisme digital a debat\"}]},{\"@type\":\"WebSite\",\"@id\":\"https:\\\/\\\/educationalevidence.com\\\/ca\\\/#website\",\"url\":\"https:\\\/\\\/educationalevidence.com\\\/ca\\\/\",\"name\":\"Educational Evidence\",\"description\":\"\",\"publisher\":{\"@id\":\"https:\\\/\\\/educationalevidence.com\\\/ca\\\/#organization\"},\"potentialAction\":[{\"@type\":\"SearchAction\",\"target\":{\"@type\":\"EntryPoint\",\"urlTemplate\":\"https:\\\/\\\/educationalevidence.com\\\/ca\\\/?s={search_term_string}\"},\"query-input\":{\"@type\":\"PropertyValueSpecification\",\"valueRequired\":true,\"valueName\":\"search_term_string\"}}],\"inLanguage\":\"ca\"},{\"@type\":\"Organization\",\"@id\":\"https:\\\/\\\/educationalevidence.com\\\/ca\\\/#organization\",\"name\":\"Educational Evidence\",\"url\":\"https:\\\/\\\/educationalevidence.com\\\/ca\\\/\",\"logo\":{\"@type\":\"ImageObject\",\"inLanguage\":\"ca\",\"@id\":\"https:\\\/\\\/educationalevidence.com\\\/ca\\\/#\\\/schema\\\/logo\\\/image\\\/\",\"url\":\"https:\\\/\\\/educationalevidence.com\\\/wp-content\\\/uploads\\\/2023\\\/07\\\/educational_evidence_logo_horitzontal_blanc_negatiu.png\",\"contentUrl\":\"https:\\\/\\\/educationalevidence.com\\\/wp-content\\\/uploads\\\/2023\\\/07\\\/educational_evidence_logo_horitzontal_blanc_negatiu.png\",\"width\":3508,\"height\":1090,\"caption\":\"Educational Evidence\"},\"image\":{\"@id\":\"https:\\\/\\\/educationalevidence.com\\\/ca\\\/#\\\/schema\\\/logo\\\/image\\\/\"}},{\"@type\":\"Person\",\"@id\":\"https:\\\/\\\/educationalevidence.com\\\/ca\\\/#\\\/schema\\\/person\\\/91a8797f56f6a2e7ba6fd6297739bbf1\",\"name\":\"educational EVIDENCE\",\"image\":{\"@type\":\"ImageObject\",\"inLanguage\":\"ca\",\"@id\":\"https:\\\/\\\/educationalevidence.com\\\/wp-content\\\/litespeed\\\/avatar\\\/e9888a11dc51b117a0209ebd4a5f884d.jpg?ver=1776848342\",\"url\":\"https:\\\/\\\/educationalevidence.com\\\/wp-content\\\/litespeed\\\/avatar\\\/e9888a11dc51b117a0209ebd4a5f884d.jpg?ver=1776848342\",\"contentUrl\":\"https:\\\/\\\/educationalevidence.com\\\/wp-content\\\/litespeed\\\/avatar\\\/e9888a11dc51b117a0209ebd4a5f884d.jpg?ver=1776848342\",\"caption\":\"educational EVIDENCE\"},\"sameAs\":[\"https:\\\/\\\/educationalevidence.com\\\/\"],\"url\":\"\"}]}<\/script>\n<!-- \/ Yoast SEO plugin. -->","yoast_head_json":{"title":"El pedagogisme digital a debat - Educational Evidence","description":"No \u00e9s el mateix l\u2019ecologia que l\u2019ecologisme. El primer \u00e9s una disciplina\u00a0 cient\u00edfica per al coneixement, una \u201clogia\u201d, i el segon una postura ideol\u00f2gica, un \u201cisme\u201d. El mateix podem dir de la cristologia i el cristianisme o de la pedagogia i el pedagogisme. Les disciplines per al coneixement com la biologia, la geologia o la pedagogia, intenten explicar la realitat, mentre que les postures ideol\u00f2giques com el nazisme, l\u2019islamisme o el pedagogisme defensen la seva possessi\u00f3 de la veritat. Actualment la positura ideol\u00f2gica del pedagogisme governa totalment el sistema educatiu nacional","robots":{"index":"index","follow":"follow","max-snippet":"max-snippet:-1","max-image-preview":"max-image-preview:large","max-video-preview":"max-video-preview:-1"},"canonical":"https:\/\/educationalevidence.com\/ca\/el-pedagogisme-digital-a-debat\/","og_locale":"ca_ES","og_type":"article","og_title":"El pedagogisme digital a debat - Educational Evidence","og_description":"No \u00e9s el mateix l\u2019ecologia que l\u2019ecologisme. El primer \u00e9s una disciplina\u00a0 cient\u00edfica per al coneixement, una \u201clogia\u201d, i el segon una postura ideol\u00f2gica, un \u201cisme\u201d. El mateix podem dir de la cristologia i el cristianisme o de la pedagogia i el pedagogisme. Les disciplines per al coneixement com la biologia, la geologia o la pedagogia, intenten explicar la realitat, mentre que les postures ideol\u00f2giques com el nazisme, l\u2019islamisme o el pedagogisme defensen la seva possessi\u00f3 de la veritat. Actualment la positura ideol\u00f2gica del pedagogisme governa totalment el sistema educatiu nacional","og_url":"https:\/\/educationalevidence.com\/ca\/el-pedagogisme-digital-a-debat\/","og_site_name":"Educational Evidence","article_published_time":"2024-11-25T08:22:43+00:00","article_modified_time":"2024-11-26T08:38:25+00:00","og_image":[{"width":899,"height":672,"url":"https:\/\/educationalevidence.com\/wp-content\/uploads\/2024\/11\/Therfer-PP.jpg","type":"image\/jpeg"}],"author":"educational EVIDENCE","twitter_card":"summary_large_image","twitter_misc":{"Escrit per":"David Rabad\u00e0 i Vives","Temps estimat de lectura":"7 minuts"},"schema":{"@context":"https:\/\/schema.org","@graph":[{"@type":"Article","@id":"https:\/\/educationalevidence.com\/ca\/el-pedagogisme-digital-a-debat\/#article","isPartOf":{"@id":"https:\/\/educationalevidence.com\/ca\/el-pedagogisme-digital-a-debat\/"},"author":{"name":"educational EVIDENCE","@id":"https:\/\/educationalevidence.com\/ca\/#\/schema\/person\/91a8797f56f6a2e7ba6fd6297739bbf1"},"headline":"El pedagogisme digital a debat","datePublished":"2024-11-25T08:22:43+00:00","dateModified":"2024-11-26T08:38:25+00:00","mainEntityOfPage":{"@id":"https:\/\/educationalevidence.com\/ca\/el-pedagogisme-digital-a-debat\/"},"wordCount":1333,"commentCount":0,"publisher":{"@id":"https:\/\/educationalevidence.com\/ca\/#organization"},"image":{"@id":"https:\/\/educationalevidence.com\/ca\/el-pedagogisme-digital-a-debat\/#primaryimage"},"thumbnailUrl":"https:\/\/educationalevidence.com\/wp-content\/uploads\/2024\/11\/Therfer-PP.jpg","keywords":["Antoni Hern\u00e1ndez-Fern\u00e1ndez","Dori Huertas","Francisco Villar","Maria Josep Ra\u00efch","M\u00edriam Gallego","pedagogisme digital","XII Jornades de Secund\u00e0ria"],"articleSection":["Tecno-\u00e8tica","Tecnologia"],"inLanguage":"ca","potentialAction":[{"@type":"CommentAction","name":"Comment","target":["https:\/\/educationalevidence.com\/ca\/el-pedagogisme-digital-a-debat\/#respond"]}]},{"@type":"WebPage","@id":"https:\/\/educationalevidence.com\/ca\/el-pedagogisme-digital-a-debat\/","url":"https:\/\/educationalevidence.com\/ca\/el-pedagogisme-digital-a-debat\/","name":"El pedagogisme digital a debat - Educational Evidence","isPartOf":{"@id":"https:\/\/educationalevidence.com\/ca\/#website"},"primaryImageOfPage":{"@id":"https:\/\/educationalevidence.com\/ca\/el-pedagogisme-digital-a-debat\/#primaryimage"},"image":{"@id":"https:\/\/educationalevidence.com\/ca\/el-pedagogisme-digital-a-debat\/#primaryimage"},"thumbnailUrl":"https:\/\/educationalevidence.com\/wp-content\/uploads\/2024\/11\/Therfer-PP.jpg","datePublished":"2024-11-25T08:22:43+00:00","dateModified":"2024-11-26T08:38:25+00:00","description":"No \u00e9s el mateix l\u2019ecologia que l\u2019ecologisme. El primer \u00e9s una disciplina\u00a0 cient\u00edfica per al coneixement, una \u201clogia\u201d, i el segon una postura ideol\u00f2gica, un \u201cisme\u201d. El mateix podem dir de la cristologia i el cristianisme o de la pedagogia i el pedagogisme. Les disciplines per al coneixement com la biologia, la geologia o la pedagogia, intenten explicar la realitat, mentre que les postures ideol\u00f2giques com el nazisme, l\u2019islamisme o el pedagogisme defensen la seva possessi\u00f3 de la veritat. Actualment la positura ideol\u00f2gica del pedagogisme governa totalment el sistema educatiu nacional","breadcrumb":{"@id":"https:\/\/educationalevidence.com\/ca\/el-pedagogisme-digital-a-debat\/#breadcrumb"},"inLanguage":"ca","potentialAction":[{"@type":"ReadAction","target":["https:\/\/educationalevidence.com\/ca\/el-pedagogisme-digital-a-debat\/"]}]},{"@type":"ImageObject","inLanguage":"ca","@id":"https:\/\/educationalevidence.com\/ca\/el-pedagogisme-digital-a-debat\/#primaryimage","url":"https:\/\/educationalevidence.com\/wp-content\/uploads\/2024\/11\/Therfer-PP.jpg","contentUrl":"https:\/\/educationalevidence.com\/wp-content\/uploads\/2024\/11\/Therfer-PP.jpg","width":899,"height":672,"caption":"Moment de la taula rodona. D'esquerra a dreta: Dori Huertas, Antoni Hern\u00e1ndez-Fern\u00e1ndez, M\u00edriam Gallego i Maria Josep Ra\u00efch \/ Foto:"},{"@type":"BreadcrumbList","@id":"https:\/\/educationalevidence.com\/ca\/el-pedagogisme-digital-a-debat\/#breadcrumb","itemListElement":[{"@type":"ListItem","position":1,"name":"Portada","item":"https:\/\/educationalevidence.com\/ca\/"},{"@type":"ListItem","position":2,"name":"El pedagogisme digital a debat"}]},{"@type":"WebSite","@id":"https:\/\/educationalevidence.com\/ca\/#website","url":"https:\/\/educationalevidence.com\/ca\/","name":"Educational Evidence","description":"","publisher":{"@id":"https:\/\/educationalevidence.com\/ca\/#organization"},"potentialAction":[{"@type":"SearchAction","target":{"@type":"EntryPoint","urlTemplate":"https:\/\/educationalevidence.com\/ca\/?s={search_term_string}"},"query-input":{"@type":"PropertyValueSpecification","valueRequired":true,"valueName":"search_term_string"}}],"inLanguage":"ca"},{"@type":"Organization","@id":"https:\/\/educationalevidence.com\/ca\/#organization","name":"Educational Evidence","url":"https:\/\/educationalevidence.com\/ca\/","logo":{"@type":"ImageObject","inLanguage":"ca","@id":"https:\/\/educationalevidence.com\/ca\/#\/schema\/logo\/image\/","url":"https:\/\/educationalevidence.com\/wp-content\/uploads\/2023\/07\/educational_evidence_logo_horitzontal_blanc_negatiu.png","contentUrl":"https:\/\/educationalevidence.com\/wp-content\/uploads\/2023\/07\/educational_evidence_logo_horitzontal_blanc_negatiu.png","width":3508,"height":1090,"caption":"Educational Evidence"},"image":{"@id":"https:\/\/educationalevidence.com\/ca\/#\/schema\/logo\/image\/"}},{"@type":"Person","@id":"https:\/\/educationalevidence.com\/ca\/#\/schema\/person\/91a8797f56f6a2e7ba6fd6297739bbf1","name":"educational EVIDENCE","image":{"@type":"ImageObject","inLanguage":"ca","@id":"https:\/\/educationalevidence.com\/wp-content\/litespeed\/avatar\/e9888a11dc51b117a0209ebd4a5f884d.jpg?ver=1776848342","url":"https:\/\/educationalevidence.com\/wp-content\/litespeed\/avatar\/e9888a11dc51b117a0209ebd4a5f884d.jpg?ver=1776848342","contentUrl":"https:\/\/educationalevidence.com\/wp-content\/litespeed\/avatar\/e9888a11dc51b117a0209ebd4a5f884d.jpg?ver=1776848342","caption":"educational EVIDENCE"},"sameAs":["https:\/\/educationalevidence.com\/"],"url":""}]}},"_links":{"self":[{"href":"https:\/\/educationalevidence.com\/ca\/wp-json\/wp\/v2\/posts\/22331","targetHints":{"allow":["GET"]}}],"collection":[{"href":"https:\/\/educationalevidence.com\/ca\/wp-json\/wp\/v2\/posts"}],"about":[{"href":"https:\/\/educationalevidence.com\/ca\/wp-json\/wp\/v2\/types\/post"}],"author":[{"embeddable":true,"href":"https:\/\/educationalevidence.com\/ca\/wp-json\/wp\/v2\/users\/4"}],"replies":[{"embeddable":true,"href":"https:\/\/educationalevidence.com\/ca\/wp-json\/wp\/v2\/comments?post=22331"}],"version-history":[{"count":10,"href":"https:\/\/educationalevidence.com\/ca\/wp-json\/wp\/v2\/posts\/22331\/revisions"}],"predecessor-version":[{"id":22357,"href":"https:\/\/educationalevidence.com\/ca\/wp-json\/wp\/v2\/posts\/22331\/revisions\/22357"}],"wp:featuredmedia":[{"embeddable":true,"href":"https:\/\/educationalevidence.com\/ca\/wp-json\/wp\/v2\/media\/22307"}],"wp:attachment":[{"href":"https:\/\/educationalevidence.com\/ca\/wp-json\/wp\/v2\/media?parent=22331"}],"wp:term":[{"taxonomy":"category","embeddable":true,"href":"https:\/\/educationalevidence.com\/ca\/wp-json\/wp\/v2\/categories?post=22331"},{"taxonomy":"post_tag","embeddable":true,"href":"https:\/\/educationalevidence.com\/ca\/wp-json\/wp\/v2\/tags?post=22331"}],"curies":[{"name":"wp","href":"https:\/\/api.w.org\/{rel}","templated":true}]}}