{"id":21467,"date":"2024-11-03T12:00:04","date_gmt":"2024-11-03T11:00:04","guid":{"rendered":"https:\/\/educationalevidence.com\/?p=21467"},"modified":"2024-11-04T11:59:54","modified_gmt":"2024-11-04T10:59:54","slug":"la-mort-de-manuel-azana","status":"publish","type":"post","link":"https:\/\/educationalevidence.com\/ca\/la-mort-de-manuel-azana\/","title":{"rendered":"La mort de Manuel Aza\u00f1a"},"content":{"rendered":"<blockquote>\n<h3><span style=\"color: #ffffff;\">VA SUCCEIR\u2026<\/span><\/h3>\n<p><span style=\"color: #ffffff;\">El 3 de novembre de 1940<\/span><\/p><\/blockquote>\n<h1>La mort de Manuel Aza\u00f1a<\/h1>\n<figure id=\"attachment_21457\" aria-describedby=\"caption-attachment-21457\" style=\"width: 430px\" class=\"wp-caption aligncenter\"><img fetchpriority=\"high\" decoding=\"async\" class=\"size-full wp-image-21457\" src=\"https:\/\/educationalevidence.com\/wp-content\/uploads\/2024\/10\/Manuel_Azana_cropped.jpg\" alt=\"\" width=\"430\" height=\"538\" srcset=\"https:\/\/educationalevidence.com\/wp-content\/uploads\/2024\/10\/Manuel_Azana_cropped.jpg 430w, https:\/\/educationalevidence.com\/wp-content\/uploads\/2024\/10\/Manuel_Azana_cropped-240x300.jpg 240w, https:\/\/educationalevidence.com\/wp-content\/uploads\/2024\/10\/Manuel_Azana_cropped-264x330.jpg 264w, https:\/\/educationalevidence.com\/wp-content\/uploads\/2024\/10\/Manuel_Azana_cropped-144x180.jpg 144w\" sizes=\"(max-width: 430px) 100vw, 430px\" \/><figcaption id=\"caption-attachment-21457\" class=\"wp-caption-text\">Manuel Aza\u00f1a. \/ Wikimedia<\/figcaption><\/figure>\n<p><a style=\"display: inline-block;\" href=\"https:\/\/creativecommons.org\/licenses\/by-nc-nd\/4.0\/deed.ca\" target=\"_blank\" rel=\"license noopener noreferrer\">Llic\u00e8ncia Creative Commons<img decoding=\"async\" style=\"height: 22px!important; margin-left: 3px; vertical-align: text-bottom;\" src=\"https:\/\/mirrors.creativecommons.org\/presskit\/icons\/cc.svg?ref=chooser-v1\" \/><img decoding=\"async\" style=\"height: 22px!important; margin-left: 3px; vertical-align: text-bottom;\" src=\"https:\/\/mirrors.creativecommons.org\/presskit\/icons\/by.svg?ref=chooser-v1\" \/><img decoding=\"async\" style=\"height: 22px!important; margin-left: 3px; vertical-align: text-bottom;\" src=\"https:\/\/mirrors.creativecommons.org\/presskit\/icons\/nc.svg?ref=chooser-v1\" \/><img decoding=\"async\" style=\"height: 22px!important; margin-left: 3px; vertical-align: text-bottom;\" src=\"https:\/\/mirrors.creativecommons.org\/presskit\/icons\/nd.svg?ref=chooser-v1\" \/><\/a><\/p>\n<p><strong><img decoding=\"async\" class=\"alignleft wp-image-8678\" src=\"https:\/\/educationalevidence.com\/wp-content\/uploads\/2023\/05\/Xavier-150x150.jpg\" sizes=\"(max-width: 70px) 100vw, 70px\" srcset=\"https:\/\/educationalevidence.com\/wp-content\/uploads\/2023\/05\/Xavier-150x150.jpg 150w, https:\/\/educationalevidence.com\/wp-content\/uploads\/2023\/05\/Xavier-100x100.jpg 100w\" alt=\"\" width=\"70\" height=\"70\" \/><\/strong><\/p>\n<p>&nbsp;<\/p>\n<p><a href=\"https:\/\/twitter.com\/XmaSecundaria\" target=\"_blank\" rel=\"noopener\"><strong>Xavier Mass\u00f3<\/strong><\/a><\/p>\n<p>&nbsp;<\/p>\n<p>\u2026 <strong>El 3 de novembre de 1940<\/strong> moria, a Montauban (Fran\u00e7a), el president de la II Rep\u00fablica Espanyola, <span style=\"color: #0000ff;\"><a style=\"color: #0000ff;\" href=\"https:\/\/ca.wikipedia.org\/wiki\/Manuel_Aza%C3%B1a_D%C3%ADaz\"><strong>Manuel Aza\u00f1a<\/strong><\/a><\/span>. Despr\u00e9s de la caiguda de Catalunya el febrer del trenta-nou, havia passat a Fran\u00e7a, malalt, exiliat i perseguit, des d&#8217;on va assistir impotent a l&#8217;enfonsament de la II Rep\u00fablica que havia presidit. Sabia des de molt de temps abans que la Rep\u00fablica tenia la guerra perduda. La seva mort va ser en certa manera una vict\u00f2ria p\u00f2stuma contra Franco, que no es va poder permetre empresonar-ho i afusellar-ho, com va fer amb tants altres, i com sens dubte hagu\u00e9s fet amb ell.<\/p>\n<p>Va ser primer ministre en el per\u00edode 1931-1933, i president de la Rep\u00fablica des de 1936 fins a la seva dimissi\u00f3 el 27 de febrer de 1939. Contra la idea difosa per la propaganda franquista, segons la qual hauria estat un personatge pol\u00edticament radical i intolerant, i igualment acusat per molts republicans de conniv\u00e8ncia amb la dreta i de derrotista durant la guerra, Aza\u00f1a va ser un intel\u00b7lectual, un escriptor i un pol\u00edtic que encarnava els ideals de l&#8217;Espanya il\u00b7lustrada; l&#8217;Espanya que va perdre la guerra civil.<\/p>\n<blockquote><p>Havia intentat, sense \u00e8xit, promoure iniciatives que facilitessin la mediaci\u00f3 de Fran\u00e7a i Anglaterra a la guerra espanyola, i que aquesta mediaci\u00f3 facilit\u00e9s l&#8217;establiment d&#8217;un alto el foc. Ho va plantejar en el seu discurs &#8216;Pau, Pietat i Perd\u00f3&#8230;&#8217;<\/p><\/blockquote>\n<p>Durant els darrers sis mesos de guerra, va estar pol\u00edticament a\u00efllat. Havia intentat, sense \u00e8xit, promoure iniciatives que facilitessin la mediaci\u00f3 de Fran\u00e7a i Anglaterra a la guerra espanyola, i que aquesta mediaci\u00f3 facilit\u00e9s l&#8217;establiment d&#8217;un alto el foc. Ho va plantejar en el seu discurs &#8216;Pau, Pietat i Perd\u00f3&#8230;&#8217;, pronunciat en vig\u00edlies del comen\u00e7ament de la batalla de l&#8217;Ebre. Despr\u00e9s, cada cop m\u00e9s distanciat de Negr\u00edn, va quedar redu\u00eft a una figura merament testimonial, molt abatut personalment ell mateix per la trag\u00e8dia que el pa\u00eds estava vivint i conscient del negre futur que s&#8217;acostava.<\/p>\n<p>Despr\u00e9s de passar a Fran\u00e7a, el primer ministre Negr\u00edn li va indicar que s&#8217;allotg\u00e9s a l&#8217;ambaixada espanyola a Par\u00eds mentre es preparava el retorn al centre, on la Rep\u00fablica seguia resistint. Per\u00f2 Aza\u00f1a tenia molt clar que tot estava perdut i li va replicar que no pensava tornar-hi: va anunciar la seva dimissi\u00f3 tan aviat com Fran\u00e7a i Anglaterra van recon\u00e8ixer el r\u00e8gim de Franco.<\/p>\n<p>El 19 de juny, amb Fran\u00e7a enfonsant-se davant l&#8217;empenta de l&#8217;ex\u00e8rcit alemany, Negr\u00edn li va facilitar dos passatges -per a ell i per a la seva dona- en un vaixell amb destinaci\u00f3 a M\u00e8xic, per\u00f2 el seu mal estat de salut els ho va impedir. Quan els alemanys van ocupar Fran\u00e7a, Aza\u00f1a estava refugiat a Pyla-sur-Mer, una poblaci\u00f3 propera a Bordeus. Despr\u00e9s de la capitulaci\u00f3 de P\u00e9tain i la constituci\u00f3 de la Fran\u00e7a de Vichy, els seus familiars i el seu metge el van traslladar a Montauban, on, sense ser la panacea, estaria una mica menys en perill que sota jurisdicci\u00f3 directament alemanya.<\/p>\n<blockquote><p>\u201c<em>El cobrir\u00e0 amb orgull la bandera de M\u00e8xic. Per a nosaltres ser\u00e0 un privilegi, per als republicans una esperan\u00e7a, i per a vosaltres, una dolorosa lli\u00e7\u00f3<\/em>\u201d<\/p><\/blockquote>\n<p>Al setembre, l&#8217;ambaixada mexicana va tenir not\u00edcies que un grup de falangistes estava arribant a Montauban, amb la m\u00e9s que probable intenci\u00f3 de segrestar Aza\u00f1a i emportar-se&#8217;l a Espanya. L&#8217;ambaixador mexic\u00e0 Luis Ignacio Rodr\u00edguez Taboada va llogar llavors algunes habitacions a l&#8217;Hotel du Midi i hi van traslladar Aza\u00f1a, on estaria m\u00e9s segur. Va morir a les 23:45h del 3 de novembre, en pres\u00e8ncia de la seva dona, Dolores de Rivas, el general Juan Hern\u00e1ndez Sarabia, el pintor Francisco Galicia, el majordom Antonio Lot, el bisbe franc\u00e8s Pierre-Marie Th\u00e9as i la monja Ignace, que l\u2019havia estat cuidant els \u00faltims dies.<\/p>\n<p>Va ser enterrat al cementiri de Montauban, amb una simple l\u00e0pida i una creu de bronze sobre la inscripci\u00f3 &#8216;Manuel Aza\u00f1a: 1880-1940&#8217;. El mariscal P\u00e9tain va prohibir expressament que se li fessin funerals de cap d&#8217;estat, imposant que si es cobr\u00eds amb alguna bandera espanyola, fos la <em>rojigualda<\/em> mon\u00e0rquica que havia adoptat la dictadura franquista; sota cap concepte la bandera tricolor republicana. Llavors va intervenir l&#8217;ambaixador de M\u00e8xic, que el va cobrir amb una bandera mexicana, alhora que li va retreure al prefecte col\u00b7laboracionista franc\u00e8s:<\/p>\n<p>\u201c<em>El cobrir\u00e0 amb orgull la bandera de M\u00e8xic. Per a nosaltres ser\u00e0 un privilegi, per als republicans una esperan\u00e7a, i per a vosaltres, una dolorosa lli\u00e7\u00f3<\/em>\u201d.<\/p>\n<hr \/>\n<p>Font:\u00a0<strong>educational EVIDENCE<\/strong><\/p>\n<p>Drets:\u00a0<strong>Creative Commons<\/strong><\/p>\n","protected":false},"excerpt":{"rendered":"<p>\u2026 El 3 de novembre de 1940 moria, a Montauban (Fran\u00e7a), el president de la II Rep\u00fablica Espanyola, Manuel Aza\u00f1a. Despr\u00e9s de la caiguda de Catalunya el febrer del trenta-nou, havia passat a Fran\u00e7a, malalt, exiliat i perseguit, des d&#8217;on va assistir impotent a l&#8217;enfonsament de la II Rep\u00fablica que havia presidit.<\/p>\n","protected":false},"author":4,"featured_media":21457,"comment_status":"open","ping_status":"open","sticky":false,"template":"","format":"standard","meta":{"_FSMCFIC_featured_image_caption":"","_FSMCFIC_featured_image_nocaption":"1","_FSMCFIC_featured_image_hide":"","footnotes":""},"categories":[241],"tags":[2049],"class_list":["post-21467","post","type-post","status-publish","format-standard","has-post-thumbnail","hentry","category-politica-ca","tag-manuel-azana-ca"],"yoast_head":"<!-- This site is optimized with the Yoast SEO plugin v27.5 - https:\/\/yoast.com\/product\/yoast-seo-wordpress\/ -->\n<title>La mort de Manuel Aza\u00f1a - Educational Evidence<\/title>\n<meta name=\"description\" content=\"\u2026 El 3 de novembre de 1940 moria, a Montauban (Fran\u00e7a), el president de la II Rep\u00fablica Espanyola, Manuel Aza\u00f1a. Despr\u00e9s de la caiguda de Catalunya el febrer del trenta-nou, havia passat a Fran\u00e7a, malalt, exiliat i perseguit, des d&#039;on va assistir impotent a l&#039;enfonsament de la II Rep\u00fablica que havia presidit.\" \/>\n<meta name=\"robots\" content=\"index, follow, max-snippet:-1, max-image-preview:large, max-video-preview:-1\" \/>\n<link rel=\"canonical\" href=\"https:\/\/educationalevidence.com\/ca\/la-mort-de-manuel-azana\/\" \/>\n<meta property=\"og:locale\" content=\"ca_ES\" \/>\n<meta property=\"og:type\" content=\"article\" \/>\n<meta property=\"og:title\" content=\"La mort de Manuel Aza\u00f1a - Educational Evidence\" \/>\n<meta property=\"og:description\" content=\"\u2026 El 3 de novembre de 1940 moria, a Montauban (Fran\u00e7a), el president de la II Rep\u00fablica Espanyola, Manuel Aza\u00f1a. Despr\u00e9s de la caiguda de Catalunya el febrer del trenta-nou, havia passat a Fran\u00e7a, malalt, exiliat i perseguit, des d&#039;on va assistir impotent a l&#039;enfonsament de la II Rep\u00fablica que havia presidit.\" \/>\n<meta property=\"og:url\" content=\"https:\/\/educationalevidence.com\/ca\/la-mort-de-manuel-azana\/\" \/>\n<meta property=\"og:site_name\" content=\"Educational Evidence\" \/>\n<meta property=\"article:published_time\" content=\"2024-11-03T11:00:04+00:00\" \/>\n<meta property=\"article:modified_time\" content=\"2024-11-04T10:59:54+00:00\" \/>\n<meta property=\"og:image\" content=\"https:\/\/educationalevidence.com\/wp-content\/uploads\/2024\/10\/Manuel_Azana_cropped.jpg\" \/>\n\t<meta property=\"og:image:width\" content=\"430\" \/>\n\t<meta property=\"og:image:height\" content=\"538\" \/>\n\t<meta property=\"og:image:type\" content=\"image\/jpeg\" \/>\n<meta name=\"author\" content=\"educational EVIDENCE\" \/>\n<meta name=\"twitter:card\" content=\"summary_large_image\" \/>\n<meta name=\"twitter:label1\" content=\"Escrit per\" \/>\n\t<meta name=\"twitter:data1\" content=\"Xavier Mass\u00f3\" \/>\n\t<meta name=\"twitter:label2\" content=\"Temps estimat de lectura\" \/>\n\t<meta name=\"twitter:data2\" content=\"5 minuts\" \/>\n<script type=\"application\/ld+json\" class=\"yoast-schema-graph\">{\"@context\":\"https:\\\/\\\/schema.org\",\"@graph\":[{\"@type\":\"Article\",\"@id\":\"https:\\\/\\\/educationalevidence.com\\\/ca\\\/la-mort-de-manuel-azana\\\/#article\",\"isPartOf\":{\"@id\":\"https:\\\/\\\/educationalevidence.com\\\/ca\\\/la-mort-de-manuel-azana\\\/\"},\"author\":{\"name\":\"educational EVIDENCE\",\"@id\":\"https:\\\/\\\/educationalevidence.com\\\/ca\\\/#\\\/schema\\\/person\\\/91a8797f56f6a2e7ba6fd6297739bbf1\"},\"headline\":\"La mort de Manuel Aza\u00f1a\",\"datePublished\":\"2024-11-03T11:00:04+00:00\",\"dateModified\":\"2024-11-04T10:59:54+00:00\",\"mainEntityOfPage\":{\"@id\":\"https:\\\/\\\/educationalevidence.com\\\/ca\\\/la-mort-de-manuel-azana\\\/\"},\"wordCount\":857,\"commentCount\":0,\"publisher\":{\"@id\":\"https:\\\/\\\/educationalevidence.com\\\/ca\\\/#organization\"},\"image\":{\"@id\":\"https:\\\/\\\/educationalevidence.com\\\/ca\\\/la-mort-de-manuel-azana\\\/#primaryimage\"},\"thumbnailUrl\":\"https:\\\/\\\/educationalevidence.com\\\/wp-content\\\/uploads\\\/2024\\\/10\\\/Manuel_Azana_cropped.jpg\",\"keywords\":[\"Manuel Aza\u00f1a\"],\"articleSection\":[\"Pol\u00edtica\"],\"inLanguage\":\"ca\",\"potentialAction\":[{\"@type\":\"CommentAction\",\"name\":\"Comment\",\"target\":[\"https:\\\/\\\/educationalevidence.com\\\/ca\\\/la-mort-de-manuel-azana\\\/#respond\"]}]},{\"@type\":\"WebPage\",\"@id\":\"https:\\\/\\\/educationalevidence.com\\\/ca\\\/la-mort-de-manuel-azana\\\/\",\"url\":\"https:\\\/\\\/educationalevidence.com\\\/ca\\\/la-mort-de-manuel-azana\\\/\",\"name\":\"La mort de Manuel Aza\u00f1a - Educational Evidence\",\"isPartOf\":{\"@id\":\"https:\\\/\\\/educationalevidence.com\\\/ca\\\/#website\"},\"primaryImageOfPage\":{\"@id\":\"https:\\\/\\\/educationalevidence.com\\\/ca\\\/la-mort-de-manuel-azana\\\/#primaryimage\"},\"image\":{\"@id\":\"https:\\\/\\\/educationalevidence.com\\\/ca\\\/la-mort-de-manuel-azana\\\/#primaryimage\"},\"thumbnailUrl\":\"https:\\\/\\\/educationalevidence.com\\\/wp-content\\\/uploads\\\/2024\\\/10\\\/Manuel_Azana_cropped.jpg\",\"datePublished\":\"2024-11-03T11:00:04+00:00\",\"dateModified\":\"2024-11-04T10:59:54+00:00\",\"description\":\"\u2026 El 3 de novembre de 1940 moria, a Montauban (Fran\u00e7a), el president de la II Rep\u00fablica Espanyola, Manuel Aza\u00f1a. Despr\u00e9s de la caiguda de Catalunya el febrer del trenta-nou, havia passat a Fran\u00e7a, malalt, exiliat i perseguit, des d'on va assistir impotent a l'enfonsament de la II Rep\u00fablica que havia presidit.\",\"breadcrumb\":{\"@id\":\"https:\\\/\\\/educationalevidence.com\\\/ca\\\/la-mort-de-manuel-azana\\\/#breadcrumb\"},\"inLanguage\":\"ca\",\"potentialAction\":[{\"@type\":\"ReadAction\",\"target\":[\"https:\\\/\\\/educationalevidence.com\\\/ca\\\/la-mort-de-manuel-azana\\\/\"]}]},{\"@type\":\"ImageObject\",\"inLanguage\":\"ca\",\"@id\":\"https:\\\/\\\/educationalevidence.com\\\/ca\\\/la-mort-de-manuel-azana\\\/#primaryimage\",\"url\":\"https:\\\/\\\/educationalevidence.com\\\/wp-content\\\/uploads\\\/2024\\\/10\\\/Manuel_Azana_cropped.jpg\",\"contentUrl\":\"https:\\\/\\\/educationalevidence.com\\\/wp-content\\\/uploads\\\/2024\\\/10\\\/Manuel_Azana_cropped.jpg\",\"width\":430,\"height\":538,\"caption\":\"Manuel Aza\u00f1a. \\\/ Wikimedia\"},{\"@type\":\"BreadcrumbList\",\"@id\":\"https:\\\/\\\/educationalevidence.com\\\/ca\\\/la-mort-de-manuel-azana\\\/#breadcrumb\",\"itemListElement\":[{\"@type\":\"ListItem\",\"position\":1,\"name\":\"Portada\",\"item\":\"https:\\\/\\\/educationalevidence.com\\\/ca\\\/\"},{\"@type\":\"ListItem\",\"position\":2,\"name\":\"La mort de Manuel Aza\u00f1a\"}]},{\"@type\":\"WebSite\",\"@id\":\"https:\\\/\\\/educationalevidence.com\\\/ca\\\/#website\",\"url\":\"https:\\\/\\\/educationalevidence.com\\\/ca\\\/\",\"name\":\"Educational Evidence\",\"description\":\"\",\"publisher\":{\"@id\":\"https:\\\/\\\/educationalevidence.com\\\/ca\\\/#organization\"},\"potentialAction\":[{\"@type\":\"SearchAction\",\"target\":{\"@type\":\"EntryPoint\",\"urlTemplate\":\"https:\\\/\\\/educationalevidence.com\\\/ca\\\/?s={search_term_string}\"},\"query-input\":{\"@type\":\"PropertyValueSpecification\",\"valueRequired\":true,\"valueName\":\"search_term_string\"}}],\"inLanguage\":\"ca\"},{\"@type\":\"Organization\",\"@id\":\"https:\\\/\\\/educationalevidence.com\\\/ca\\\/#organization\",\"name\":\"Educational Evidence\",\"url\":\"https:\\\/\\\/educationalevidence.com\\\/ca\\\/\",\"logo\":{\"@type\":\"ImageObject\",\"inLanguage\":\"ca\",\"@id\":\"https:\\\/\\\/educationalevidence.com\\\/ca\\\/#\\\/schema\\\/logo\\\/image\\\/\",\"url\":\"https:\\\/\\\/educationalevidence.com\\\/wp-content\\\/uploads\\\/2023\\\/07\\\/educational_evidence_logo_horitzontal_blanc_negatiu.png\",\"contentUrl\":\"https:\\\/\\\/educationalevidence.com\\\/wp-content\\\/uploads\\\/2023\\\/07\\\/educational_evidence_logo_horitzontal_blanc_negatiu.png\",\"width\":3508,\"height\":1090,\"caption\":\"Educational Evidence\"},\"image\":{\"@id\":\"https:\\\/\\\/educationalevidence.com\\\/ca\\\/#\\\/schema\\\/logo\\\/image\\\/\"}},{\"@type\":\"Person\",\"@id\":\"https:\\\/\\\/educationalevidence.com\\\/ca\\\/#\\\/schema\\\/person\\\/91a8797f56f6a2e7ba6fd6297739bbf1\",\"name\":\"educational EVIDENCE\",\"image\":{\"@type\":\"ImageObject\",\"inLanguage\":\"ca\",\"@id\":\"https:\\\/\\\/educationalevidence.com\\\/wp-content\\\/litespeed\\\/avatar\\\/e9888a11dc51b117a0209ebd4a5f884d.jpg?ver=1777453195\",\"url\":\"https:\\\/\\\/educationalevidence.com\\\/wp-content\\\/litespeed\\\/avatar\\\/e9888a11dc51b117a0209ebd4a5f884d.jpg?ver=1777453195\",\"contentUrl\":\"https:\\\/\\\/educationalevidence.com\\\/wp-content\\\/litespeed\\\/avatar\\\/e9888a11dc51b117a0209ebd4a5f884d.jpg?ver=1777453195\",\"caption\":\"educational EVIDENCE\"},\"sameAs\":[\"https:\\\/\\\/educationalevidence.com\\\/\"],\"url\":\"\"}]}<\/script>\n<!-- \/ Yoast SEO plugin. -->","yoast_head_json":{"title":"La mort de Manuel Aza\u00f1a - Educational Evidence","description":"\u2026 El 3 de novembre de 1940 moria, a Montauban (Fran\u00e7a), el president de la II Rep\u00fablica Espanyola, Manuel Aza\u00f1a. Despr\u00e9s de la caiguda de Catalunya el febrer del trenta-nou, havia passat a Fran\u00e7a, malalt, exiliat i perseguit, des d'on va assistir impotent a l'enfonsament de la II Rep\u00fablica que havia presidit.","robots":{"index":"index","follow":"follow","max-snippet":"max-snippet:-1","max-image-preview":"max-image-preview:large","max-video-preview":"max-video-preview:-1"},"canonical":"https:\/\/educationalevidence.com\/ca\/la-mort-de-manuel-azana\/","og_locale":"ca_ES","og_type":"article","og_title":"La mort de Manuel Aza\u00f1a - Educational Evidence","og_description":"\u2026 El 3 de novembre de 1940 moria, a Montauban (Fran\u00e7a), el president de la II Rep\u00fablica Espanyola, Manuel Aza\u00f1a. Despr\u00e9s de la caiguda de Catalunya el febrer del trenta-nou, havia passat a Fran\u00e7a, malalt, exiliat i perseguit, des d'on va assistir impotent a l'enfonsament de la II Rep\u00fablica que havia presidit.","og_url":"https:\/\/educationalevidence.com\/ca\/la-mort-de-manuel-azana\/","og_site_name":"Educational Evidence","article_published_time":"2024-11-03T11:00:04+00:00","article_modified_time":"2024-11-04T10:59:54+00:00","og_image":[{"width":430,"height":538,"url":"https:\/\/educationalevidence.com\/wp-content\/uploads\/2024\/10\/Manuel_Azana_cropped.jpg","type":"image\/jpeg"}],"author":"educational EVIDENCE","twitter_card":"summary_large_image","twitter_misc":{"Escrit per":"Xavier Mass\u00f3","Temps estimat de lectura":"5 minuts"},"schema":{"@context":"https:\/\/schema.org","@graph":[{"@type":"Article","@id":"https:\/\/educationalevidence.com\/ca\/la-mort-de-manuel-azana\/#article","isPartOf":{"@id":"https:\/\/educationalevidence.com\/ca\/la-mort-de-manuel-azana\/"},"author":{"name":"educational EVIDENCE","@id":"https:\/\/educationalevidence.com\/ca\/#\/schema\/person\/91a8797f56f6a2e7ba6fd6297739bbf1"},"headline":"La mort de Manuel Aza\u00f1a","datePublished":"2024-11-03T11:00:04+00:00","dateModified":"2024-11-04T10:59:54+00:00","mainEntityOfPage":{"@id":"https:\/\/educationalevidence.com\/ca\/la-mort-de-manuel-azana\/"},"wordCount":857,"commentCount":0,"publisher":{"@id":"https:\/\/educationalevidence.com\/ca\/#organization"},"image":{"@id":"https:\/\/educationalevidence.com\/ca\/la-mort-de-manuel-azana\/#primaryimage"},"thumbnailUrl":"https:\/\/educationalevidence.com\/wp-content\/uploads\/2024\/10\/Manuel_Azana_cropped.jpg","keywords":["Manuel Aza\u00f1a"],"articleSection":["Pol\u00edtica"],"inLanguage":"ca","potentialAction":[{"@type":"CommentAction","name":"Comment","target":["https:\/\/educationalevidence.com\/ca\/la-mort-de-manuel-azana\/#respond"]}]},{"@type":"WebPage","@id":"https:\/\/educationalevidence.com\/ca\/la-mort-de-manuel-azana\/","url":"https:\/\/educationalevidence.com\/ca\/la-mort-de-manuel-azana\/","name":"La mort de Manuel Aza\u00f1a - Educational Evidence","isPartOf":{"@id":"https:\/\/educationalevidence.com\/ca\/#website"},"primaryImageOfPage":{"@id":"https:\/\/educationalevidence.com\/ca\/la-mort-de-manuel-azana\/#primaryimage"},"image":{"@id":"https:\/\/educationalevidence.com\/ca\/la-mort-de-manuel-azana\/#primaryimage"},"thumbnailUrl":"https:\/\/educationalevidence.com\/wp-content\/uploads\/2024\/10\/Manuel_Azana_cropped.jpg","datePublished":"2024-11-03T11:00:04+00:00","dateModified":"2024-11-04T10:59:54+00:00","description":"\u2026 El 3 de novembre de 1940 moria, a Montauban (Fran\u00e7a), el president de la II Rep\u00fablica Espanyola, Manuel Aza\u00f1a. Despr\u00e9s de la caiguda de Catalunya el febrer del trenta-nou, havia passat a Fran\u00e7a, malalt, exiliat i perseguit, des d'on va assistir impotent a l'enfonsament de la II Rep\u00fablica que havia presidit.","breadcrumb":{"@id":"https:\/\/educationalevidence.com\/ca\/la-mort-de-manuel-azana\/#breadcrumb"},"inLanguage":"ca","potentialAction":[{"@type":"ReadAction","target":["https:\/\/educationalevidence.com\/ca\/la-mort-de-manuel-azana\/"]}]},{"@type":"ImageObject","inLanguage":"ca","@id":"https:\/\/educationalevidence.com\/ca\/la-mort-de-manuel-azana\/#primaryimage","url":"https:\/\/educationalevidence.com\/wp-content\/uploads\/2024\/10\/Manuel_Azana_cropped.jpg","contentUrl":"https:\/\/educationalevidence.com\/wp-content\/uploads\/2024\/10\/Manuel_Azana_cropped.jpg","width":430,"height":538,"caption":"Manuel Aza\u00f1a. \/ Wikimedia"},{"@type":"BreadcrumbList","@id":"https:\/\/educationalevidence.com\/ca\/la-mort-de-manuel-azana\/#breadcrumb","itemListElement":[{"@type":"ListItem","position":1,"name":"Portada","item":"https:\/\/educationalevidence.com\/ca\/"},{"@type":"ListItem","position":2,"name":"La mort de Manuel Aza\u00f1a"}]},{"@type":"WebSite","@id":"https:\/\/educationalevidence.com\/ca\/#website","url":"https:\/\/educationalevidence.com\/ca\/","name":"Educational Evidence","description":"","publisher":{"@id":"https:\/\/educationalevidence.com\/ca\/#organization"},"potentialAction":[{"@type":"SearchAction","target":{"@type":"EntryPoint","urlTemplate":"https:\/\/educationalevidence.com\/ca\/?s={search_term_string}"},"query-input":{"@type":"PropertyValueSpecification","valueRequired":true,"valueName":"search_term_string"}}],"inLanguage":"ca"},{"@type":"Organization","@id":"https:\/\/educationalevidence.com\/ca\/#organization","name":"Educational Evidence","url":"https:\/\/educationalevidence.com\/ca\/","logo":{"@type":"ImageObject","inLanguage":"ca","@id":"https:\/\/educationalevidence.com\/ca\/#\/schema\/logo\/image\/","url":"https:\/\/educationalevidence.com\/wp-content\/uploads\/2023\/07\/educational_evidence_logo_horitzontal_blanc_negatiu.png","contentUrl":"https:\/\/educationalevidence.com\/wp-content\/uploads\/2023\/07\/educational_evidence_logo_horitzontal_blanc_negatiu.png","width":3508,"height":1090,"caption":"Educational Evidence"},"image":{"@id":"https:\/\/educationalevidence.com\/ca\/#\/schema\/logo\/image\/"}},{"@type":"Person","@id":"https:\/\/educationalevidence.com\/ca\/#\/schema\/person\/91a8797f56f6a2e7ba6fd6297739bbf1","name":"educational EVIDENCE","image":{"@type":"ImageObject","inLanguage":"ca","@id":"https:\/\/educationalevidence.com\/wp-content\/litespeed\/avatar\/e9888a11dc51b117a0209ebd4a5f884d.jpg?ver=1777453195","url":"https:\/\/educationalevidence.com\/wp-content\/litespeed\/avatar\/e9888a11dc51b117a0209ebd4a5f884d.jpg?ver=1777453195","contentUrl":"https:\/\/educationalevidence.com\/wp-content\/litespeed\/avatar\/e9888a11dc51b117a0209ebd4a5f884d.jpg?ver=1777453195","caption":"educational EVIDENCE"},"sameAs":["https:\/\/educationalevidence.com\/"],"url":""}]}},"_links":{"self":[{"href":"https:\/\/educationalevidence.com\/ca\/wp-json\/wp\/v2\/posts\/21467","targetHints":{"allow":["GET"]}}],"collection":[{"href":"https:\/\/educationalevidence.com\/ca\/wp-json\/wp\/v2\/posts"}],"about":[{"href":"https:\/\/educationalevidence.com\/ca\/wp-json\/wp\/v2\/types\/post"}],"author":[{"embeddable":true,"href":"https:\/\/educationalevidence.com\/ca\/wp-json\/wp\/v2\/users\/4"}],"replies":[{"embeddable":true,"href":"https:\/\/educationalevidence.com\/ca\/wp-json\/wp\/v2\/comments?post=21467"}],"version-history":[{"count":3,"href":"https:\/\/educationalevidence.com\/ca\/wp-json\/wp\/v2\/posts\/21467\/revisions"}],"predecessor-version":[{"id":21584,"href":"https:\/\/educationalevidence.com\/ca\/wp-json\/wp\/v2\/posts\/21467\/revisions\/21584"}],"wp:featuredmedia":[{"embeddable":true,"href":"https:\/\/educationalevidence.com\/ca\/wp-json\/wp\/v2\/media\/21457"}],"wp:attachment":[{"href":"https:\/\/educationalevidence.com\/ca\/wp-json\/wp\/v2\/media?parent=21467"}],"wp:term":[{"taxonomy":"category","embeddable":true,"href":"https:\/\/educationalevidence.com\/ca\/wp-json\/wp\/v2\/categories?post=21467"},{"taxonomy":"post_tag","embeddable":true,"href":"https:\/\/educationalevidence.com\/ca\/wp-json\/wp\/v2\/tags?post=21467"}],"curies":[{"name":"wp","href":"https:\/\/api.w.org\/{rel}","templated":true}]}}