{"id":20424,"date":"2024-10-16T09:59:04","date_gmt":"2024-10-16T07:59:04","guid":{"rendered":"https:\/\/educationalevidence.com\/?p=20424"},"modified":"2024-10-16T10:08:26","modified_gmt":"2024-10-16T08:08:26","slug":"nuno-crato-els-manuals-son-fonamentals-per-a-la-bona-formacio","status":"publish","type":"post","link":"https:\/\/educationalevidence.com\/ca\/nuno-crato-els-manuals-son-fonamentals-per-a-la-bona-formacio\/","title":{"rendered":"Nuno Crato: &#8220;Els manuals s\u00f3n fonamentals per a la bona formaci\u00f3&#8221;"},"content":{"rendered":"<p>Entrevista a Nuno Crato, ministre de Portugal (2011-2015), professor, escriptor, investigador i reconegut expert internacional educatiu<\/p>\n<h1>Nuno Crato: &#8220;Els manuals s\u00f3n fonamentals per a la bona formaci\u00f3&#8221;<\/h1>\n<p>&nbsp;<\/p>\n<p><a style=\"display: inline-block;\" href=\"https:\/\/creativecommons.org\/licenses\/by-nc-nd\/4.0\/deed.ca\" target=\"_blank\" rel=\"license noopener noreferrer\">Llic\u00e8ncia Creative Commons<img decoding=\"async\" style=\"height: 22px!important; margin-left: 3px; vertical-align: text-bottom;\" src=\"https:\/\/mirrors.creativecommons.org\/presskit\/icons\/cc.svg?ref=chooser-v1\" \/><img decoding=\"async\" style=\"height: 22px!important; margin-left: 3px; vertical-align: text-bottom;\" src=\"https:\/\/mirrors.creativecommons.org\/presskit\/icons\/by.svg?ref=chooser-v1\" \/><img decoding=\"async\" style=\"height: 22px!important; margin-left: 3px; vertical-align: text-bottom;\" src=\"https:\/\/mirrors.creativecommons.org\/presskit\/icons\/nc.svg?ref=chooser-v1\" \/><img decoding=\"async\" style=\"height: 22px!important; margin-left: 3px; vertical-align: text-bottom;\" src=\"https:\/\/mirrors.creativecommons.org\/presskit\/icons\/nd.svg?ref=chooser-v1\" \/><\/a><\/p>\n<p><img decoding=\"async\" class=\"alignleft wp-image-12365\" src=\"https:\/\/educationalevidence.com\/wp-content\/uploads\/2024\/01\/Andreu-cover-696x452-1-150x150.jpg\" alt=\"\" width=\"70\" height=\"70\" \/><\/p>\n<p>&nbsp;<\/p>\n<p><a href=\"https:\/\/twitter.com\/AndreuNavarra\" target=\"_blank\" rel=\"noopener\"><strong>Andreu Navarra<\/strong><\/a><\/p>\n<p>&nbsp;<\/p>\n<p>&nbsp;<\/p>\n<figure id=\"attachment_20357\" aria-describedby=\"caption-attachment-20357\" style=\"width: 197px\" class=\"wp-caption alignright\"><img fetchpriority=\"high\" decoding=\"async\" class=\"size-medium wp-image-20357\" src=\"https:\/\/educationalevidence.com\/wp-content\/uploads\/2024\/10\/Apologia-del-libro-de-texto-197x300.jpg\" alt=\"\" width=\"197\" height=\"300\" srcset=\"https:\/\/educationalevidence.com\/wp-content\/uploads\/2024\/10\/Apologia-del-libro-de-texto-197x300.jpg 197w, https:\/\/educationalevidence.com\/wp-content\/uploads\/2024\/10\/Apologia-del-libro-de-texto.jpg 519w\" sizes=\"(max-width: 197px) 100vw, 197px\" \/><figcaption id=\"caption-attachment-20357\" class=\"wp-caption-text\">Portada del recent llibre de Nuno Crato en espanyol. \/ <a href=\"https:\/\/narceaediciones.es\/es\/politica-educativa\/1656-apologia-del-libro-de-texto-9788427731967.html\" target=\"_blank\" rel=\"noopener\">Narcea ediciones<\/a><\/figcaption><\/figure>\n<p><span style=\"color: #0000ff;\"><a style=\"color: #0000ff;\" href=\"https:\/\/es.wikipedia.org\/wiki\/Nuno_Crato\" target=\"_blank\" rel=\"noopener\"><strong>Nuno Crato<\/strong><\/a><\/span>, el ministre d&#8217;Educaci\u00f3 que va portar Portugal als millors resultats educatius de la seva hist\u00f2ria, acaba de publicar <span style=\"color: #0000ff;\"><a style=\"color: #0000ff;\" href=\"https:\/\/narceaediciones.es\/es\/politica-educativa\/1656-apologia-del-libro-de-texto-9788427731967.html\" target=\"_blank\" rel=\"noopener\"><em>Apolog\u00eda del libro de texto<\/em><\/a><\/span> (Narcea, 2024), un llibre que es capbussa en la necessitat d&#8217;estructurar i simplificar els continguts educatius per aconseguir un millor aprenentatge integral. President d&#8217;\u201c<span style=\"color: #0000ff;\"><a style=\"color: #0000ff;\" href=\"https:\/\/www.iniciativaeducacao.org\/pt\" target=\"_blank\" rel=\"noopener\">Iniciativa Educa\u00e7ao<\/a><\/span>\u201d, professor-investigador de matem\u00e0tiques i estad\u00edstica al Cemapre\/ISEG de la Universitat de Lisboa, \u00e9s tamb\u00e9 un comunicador incansable, a m\u00e9s d&#8217;un home dotat d&#8217;una gran afabilitat i capacitat de comunicaci\u00f3.<\/p>\n<p>&nbsp;<\/p>\n<p><strong>Com \u00e9s el llibre de text ideal? Qu\u00e8 ha de contenir?<\/strong><\/p>\n<p>\u00c9s dif\u00edcil dir-ho en poques paraules. Li asseguro, sense exagerar, que vaig dedicar gaireb\u00e9 totes les cent cinquanta p\u00e0gines del meu llibre a desenvolupar aquesta idea. En la seva part formal, ha d&#8217;estar ben escrit, ser comprensible, lliure d&#8217;errors i contenir exercicis, preguntes i activitats que ajudin l&#8217;aprenentatge.<\/p>\n<p>En el seu aspecte pedag\u00f2gic, a risc d&#8217;ometre moltes altres caracter\u00edstiques essencials, destacaria que \u00e9s una traducci\u00f3 del curr\u00edculum d&#8217;una manera que organitza l&#8217;aprenentatge dels estudiants, i aquesta traducci\u00f3 ha de ser tan estructurada, progressiva i ambiciosa com sigui possible.<\/p>\n<blockquote><p>&#8220;[El manual] \u00e9s una traducci\u00f3 del curr\u00edculum d&#8217;una manera que organitza l&#8217;aprenentatge dels estudiants, i aquesta traducci\u00f3 ha de ser tan estructurada, progressiva i ambiciosa com sigui possible&#8221;<\/p><\/blockquote>\n<p><strong>Creu que, actualment, \u00e9s tamb\u00e9 una \u201ctraducci\u00f3 del curr\u00edculum\u201d?<\/strong><\/p>\n<p>Hauria de ser-ho. En teoria pressuposo que hi ha un curr\u00edculum organitzat i que el manual ho tradueix. Per\u00f2 sovint, infeli\u00e7ment, el curr\u00edculum \u00e9s tan dolent o imprec\u00eds que els bons manuals esdevenen \u201cel curr\u00edculum\u201d\u2026<\/p>\n<p>\u00c9s millor, \u00e9s clar, que no tenir res estructurat, per\u00f2 aix\u00f2 \u00e9s invertir les coses.<\/p>\n<p><strong>Disposen de llibres de text de qualitat actualment a Portugal?<\/strong><\/p>\n<p>S\u00ed. Tot i que la qualitat \u00e9s variable. El 2006, es va introduir a la llei un proc\u00e9s d&#8217;avaluaci\u00f3 i certificaci\u00f3 de manuals, cosa que va resultar en una millora substancial dels mateixos. M\u00e9s tard, quan va canviar l&#8217;orientaci\u00f3 educativa, a partir del 2016, aquest proc\u00e9s a la pr\u00e0ctica va ser descuidat, per aix\u00f2 la qualitat \u00e9s avui for\u00e7a variable.<\/p>\n<p><strong>Considera necess\u00e0ria una pol\u00edtica p\u00fablica d&#8217;avaluaci\u00f3 i certificacions per a tots els llibres de text?<\/strong><\/p>\n<p>S\u00ed. Una pol\u00edtica d&#8217;avaluaci\u00f3 i de certificaci\u00f3 pot millorar molt\u00edssim la qualitat dels manuals. I no oblidem que els manuals s\u00f3n fonamentals per a la bona formaci\u00f3 dels alumnes, tant directament com a trav\u00e9s de professors i pares.<\/p>\n<blockquote><p>&#8220;Una pol\u00edtica d&#8217;avaluaci\u00f3 i certificaci\u00f3 pot millorar molt\u00edssim la qualitat dels manuals&#8221;<\/p><\/blockquote>\n<p>Hi ha estudis que demostren que els manuals s\u00f3n summament efica\u00e7os per a professors amb menys preparaci\u00f3 o menys experi\u00e8ncia, per\u00f2 que acaben sent \u00fatils fins i tot per als millors professors i s\u00f3n grans aliats per als pares, ja que amb un manual escolar poden ajudar millor els fills.<\/p>\n<p><strong>En el cas de les fam\u00edlies m\u00e9s desafavorides, \u00bfseria un element igualador?<\/strong><\/p>\n<p>S\u00ed, sens dubte, perqu\u00e8 permet transferir de manera organitzada el coneixement als estudiants i facilita que les fam\u00edlies amb menys recursos puguin seguir all\u00f2 que els seus fills estan estudiant i, aix\u00ed, ajudar-los. Aix\u00f2 \u00e9s important per a totes les fam\u00edlies, per\u00f2 encara m\u00e9s per a aquelles que no tenen una bona biblioteca i tenen menys recursos culturals i econ\u00f2mics.<\/p>\n<p><strong>Com i quan va comen\u00e7ar el desprestigi del llibre de text?<\/strong><\/p>\n<p>Es pot dir que la cr\u00edtica als llibres de text \u00e9s antiga, possiblement tan antiga com els manuals. Per\u00f2 hi ha una reacci\u00f3 m\u00e9s moderna que ens hauria de preocupar. T\u00e9 les arrels en idees relativistes i anticient\u00edfiques que disminueixen la import\u00e0ncia del coneixement. La filosofia postmoderna, en particular, resta import\u00e0ncia als grans \u00e8xits de la humanitat, com les matem\u00e0tiques i la ci\u00e8ncia, i resta import\u00e0ncia a les grans creacions, com la m\u00fasica i la literatura. Aquest menyspreu es tradueix, en el cas dels llibres de text, en desinter\u00e8s, o fins i tot en atac, a la transmissi\u00f3 organitzada i ben estructurada del coneixement. Si el coneixement acumulat per la humanitat no importa, aleshores no valdria la pena transmetre&#8217;l als llibres de text.<\/p>\n<blockquote><p>&#8220;La filosofia postmoderna, en particular, resta import\u00e0ncia als grans \u00e8xits de la humanitat, com les matem\u00e0tiques i la ci\u00e8ncia, i resta import\u00e0ncia a les grans creacions, com la m\u00fasica i la literatura&#8221;<\/p><\/blockquote>\n<p>A les d\u00e8cades de 1960 i 1970, en particular, va comen\u00e7ar a desenvolupar-se l&#8217;hostilitat cap als llibres de text tant als Estats Units com a Fran\u00e7a. Es deia que all\u00f2 important no era saber, sin\u00f3 crear, com si fos possible ser creatiu sense tenir coneixements b\u00e0sics.<\/p>\n<p>Permeteu-me fer un par\u00e8ntesi: en aquest segle disposem de dades i estudis sobre la formaci\u00f3 d&#8217;estudiants a molts pa\u00efsos del m\u00f3n, dades que ens permeten con\u00e8ixer l&#8217;evoluci\u00f3 d&#8217;aquests pa\u00efsos i com es divideixen els resultats dels estudiants de diferents estats i territoris. Em refereixo a PISA, TIMSS i altres estudis. Aquests informes ens van portar a comprovar que hi ha pa\u00efsos amb una educaci\u00f3 m\u00e9s estructurada i enfocada a un curr\u00edculum exigent i ben organitzat \u2013 em refereixo a Singapur, Jap\u00f3 i altres pa\u00efsos. A molta gent no li agraden aquests resultats i diuen que aquestes dades poden ser reals, per\u00f2 nom\u00e9s fan refer\u00e8ncia a coneixements memoritzables i exercitables, \u00e9s a dir, com diuen, a coneixements mec\u00e0nics, i que aquests pa\u00efsos no desenvolupen la creativitat.<\/p>\n<p>Aquesta era una acusaci\u00f3 dif\u00edcil de q\u00fcestionar, ja que aquests estudis internacionals no analitzaven la creativitat i originalitat del pensament dels joves. Encara a la darrera enquesta PISA, del 2022, es va introduir una prova de creativitat: inventar un di\u00e0leg, dissenyar un cartell propagand\u00edstic, etc. Curi\u00f3s: els pa\u00efsos que van apar\u00e8ixer damunt de tots van tornar a ser Singapur, Jap\u00f3\u2026 Es revela una gran correlaci\u00f3 entre el rendiment cognitiu basat en el coneixement i la creativitat\u2026<\/p>\n<p><strong>Com s&#8217;estimula la creativitat?<\/strong><\/p>\n<p>Hi ha diversos estudis, de ci\u00e8ncies cognitives i de neuropsicologia que mostren que la creativitat dep\u00e8n de moltes connexions neuronals al cervell, cosa que significa molt coneixement i pr\u00e0ctica.<\/p>\n<figure id=\"attachment_20800\" aria-describedby=\"caption-attachment-20800\" style=\"width: 900px\" class=\"wp-caption aligncenter\"><img decoding=\"async\" class=\"size-full wp-image-20800\" src=\"https:\/\/educationalevidence.com\/wp-content\/uploads\/2024\/10\/Nuno-cover-Ok.jpg\" alt=\"\" width=\"900\" height=\"600\" srcset=\"https:\/\/educationalevidence.com\/wp-content\/uploads\/2024\/10\/Nuno-cover-Ok.jpg 900w, https:\/\/educationalevidence.com\/wp-content\/uploads\/2024\/10\/Nuno-cover-Ok-300x200.jpg 300w, https:\/\/educationalevidence.com\/wp-content\/uploads\/2024\/10\/Nuno-cover-Ok-768x512.jpg 768w, https:\/\/educationalevidence.com\/wp-content\/uploads\/2024\/10\/Nuno-cover-Ok-495x330.jpg 495w, https:\/\/educationalevidence.com\/wp-content\/uploads\/2024\/10\/Nuno-cover-Ok-270x180.jpg 270w\" sizes=\"(max-width: 900px) 100vw, 900px\" \/><figcaption id=\"caption-attachment-20800\" class=\"wp-caption-text\">Foto: Carlos Pimentel\/Global Imagens.<\/figcaption><\/figure>\n<p><strong>Qu\u00e8 s\u00f3n els \u201corganitzadors avan\u00e7ats\u201d referits al seu llibre?<\/strong><\/p>\n<p>Aquest \u00e9s un concepte que resulta molt \u00fatil per l&#8217;ensenyament, tant a l&#8217;aula com als llibres de text. Per\u00f2 pot ser \u00fatil per a totes les formes de comunicaci\u00f3. Es tracta de proporcionar un marc que englobi el que s&#8217;explicar\u00e0 a continuaci\u00f3, per tal de guiar el lector o l&#8217;oient. Als famosos \u201cPrincipis Rosenshine\u201d, una coneguda llista de recomanacions per a l&#8217;aula es parla, per exemple, de revisar el que ha passat a la classe anterior per emmarcar nous aprenentatges i anunciar el que es far\u00e0. \u00c9s una manera de fer servir organitzadors avan\u00e7ats.<\/p>\n<blockquote><p>&#8220;Ausubel sostenia que els conceptes s&#8217;han de transmetre de forma organitzada, encaixant els uns amb els altres de forma progressiva. El significat ve donat per la relaci\u00f3 entre conceptes&#8221;<\/p><\/blockquote>\n<p><strong>Considera que la formaci\u00f3 actual del professorat contempla un bon domini del context per al docent?<\/strong><\/p>\n<p>No, malauradament no, en general. A la major part dels pa\u00efsos que conec, la formaci\u00f3 inicial dels mestres i professors presenta defici\u00e8ncies. D&#8217;una banda, no dedica prou esfor\u00e7os al domini de les mat\u00e8ries d&#8217;ensenyament \u2013i aix\u00f2 \u00e9s terrible, perqu\u00e8 no es pot ensenyar b\u00e9 sense un ampli coneixement de l&#8217;especialitat\u2013. D&#8217;altra banda, les classes de pedagogia, psicologia i mat\u00e8ries d&#8217;aquest tipus estan sovint endarrerides, no incorporen els coneixements moderns i es concentren en ideologia o teories ja sobrepassades. Per exemple, en comptes d&#8217;explicar la import\u00e0ncia del coneixement organitzat, es parla de motivaci\u00f3 i autodescobriment per part de l&#8217;alumne; en comptes d&#8217;explicar la import\u00e0ncia de l&#8217;avaluaci\u00f3 freq\u00fcent, tant formativa com sumativa, s&#8217;insisteix que cada estudiant \u00e9s un \u00e9sser especial i no ha de ser pressionat\u2026<\/p>\n<p><strong>Al seu llibre es detallen certes confusions de la pedagogia competencial, una d&#8217;elles sobre \u2018l&#8217;aprenentatge significatiu\u2019 de David Ausubel. Pot explicar-nos qui va ser?<\/strong><\/p>\n<p>Ausubel va ser un psic\u00f2leg cognitiu que va fer importants contribucions a la teoria cient\u00edfica moderna de l&#8217;aprenentatge. Per\u00f2 se n&#8217;ha abusat molt, en el sentit que molt del que es diu que ell va dir \u00e9s exactament el contrari.<\/p>\n<p>Per exemple, va desenvolupar el concepte d&#8217;aprenentatge significatiu, en contraposici\u00f3 a l&#8217;aprenentatge per simple memoritzaci\u00f3. Molts ide\u00f2legs educatius interpreten aquesta teoria com una recomanaci\u00f3 per ensenyar all\u00f2 que t\u00e9 significat personal i afectiu per als estudiants. No \u00e9s res d&#8217;aix\u00f2! Ausubel sostenia que els conceptes s&#8217;han de transmetre de forma organitzada, encaixant els uns amb els altres de forma progressiva. El significat ve donat per la relaci\u00f3 entre conceptes. \u00c9s un significat cognitiu, no pas un significat personal!<\/p>\n<p><strong>Qu\u00e8 va propiciar, despr\u00e9s del debat dels anys 30 de qu\u00e8 parla Ausubel al seu llibre de 1963, que a diversos pa\u00efsos es don\u00e9s un ensenyament m\u00e9s o menys estructurat i exigent sense aplicar les modes pedag\u00f2giques d&#8217;aquell moment? Quin va ser el motiu principal per a rebutjar l&#8217;aprenentatge per projectes, per descobriment, etc.? Seria avui possible?<\/strong><\/p>\n<p>Avui s&#8217;est\u00e0 fent, de nou, marxa enrere. Als temps d&#8217;Ausubel ja estava clar que projectes s\u00ed, per\u00f2 ensenyament basat en projectes no; que desafiaments s\u00ed, per\u00f2 sense diluir-nos en l&#8217;ensenyament per descobriment. Sempre hi ha temptatives per a evitar encarar els problemes de front i dir que cal una revoluci\u00f3 en l&#8217;ensenyament. Jo crec que \u00e9s una manera d&#8217;evitar la realitat.<\/p>\n<blockquote><p>&#8220;Sempre hi ha temptatives per a evitar encarar els problemes de front i dir que cal una revoluci\u00f3 a l&#8217;ensenyament. Jo crec que \u00e9s una manera d&#8217;evitar la realitat&#8221;<\/p><\/blockquote>\n<p><strong>Quines s\u00f3n les \u201cpreguntes desmoralitzadores i derrotistes\u201d (p\u00e0g. 44). Li sembla que vivim en un m\u00f3n massa utilitarista?<\/strong><\/p>\n<p>No s\u00e9 si podem generalitzar-ho. Per\u00f2 s\u00ed, les preguntes molt freq\u00fcents d&#8217;alguns estudiants sobre la utilitat del que aprens s\u00f3n preguntes derrotistes. De moment, es tracta d&#8217;aprendre. Ja es veur\u00e0 per a qu\u00e8 serveix m\u00e9s endavant. Amb aix\u00f2 no dic que no s&#8217;hagi de mostrar als estudiants la utilitat del que estan aprenent, per\u00f2 si ho subordinem tot a la utilitat immediata no progressarem.<\/p>\n<p><strong>En termes educatius, qu\u00e8 \u00e9s \u00fatil o qu\u00e8 no ho \u00e9s?<\/strong><\/p>\n<p>En termes educatius, \u00fatil \u00e9s tot all\u00f2 que amplia els coneixements i la formaci\u00f3 dels estudiants. Per\u00f2 el m\u00e9s \u00fatil \u00e9s all\u00f2 que els permet aprendre m\u00e9s i tenir m\u00e9s experi\u00e8ncies, i aix\u00f2 \u00e9s el que Michael Young anomena \u201cconeixement poder\u00f3s\u201d, significa un coneixement m\u00e9s estructurat, que transcendeix l&#8217;univers limitat dels estudiants. A Espanya, Moreno Castillo, Xavier Mass\u00f3, i altres ho han explicat molt b\u00e9.<\/p>\n<p>El pitjor \u00e9s que molts educadors o te\u00f2rics de l&#8217;educaci\u00f3 abracen una visi\u00f3 derrotista i desmoralitzadora on la motivaci\u00f3 dels estudiants \u00e9s el punt de partida de tot. Si fos aix\u00ed, l&#8217;escola es convertiria en un parc d&#8217;atraccions, per prendre prestada una cr\u00edtica molt morda\u00e7 de Gregorio Luri, i poc ampliaria l&#8217;univers dels estudiants.<\/p>\n<p><strong>Ser\u00e0 possible un dia una Europa amb una educaci\u00f3 basada en mat\u00e8ries i no en compet\u00e8ncies?<\/strong><\/p>\n<p>Aix\u00f2 espero. Aix\u00ed va ser a Portugal fins al 2015, per aix\u00f2 hem avan\u00e7at tant, aix\u00ed \u00e9s a Est\u00f2nia, per aix\u00f2 aquest pa\u00eds est\u00e0 tan per davant dels altres, aix\u00ed va ser tamb\u00e9 a Pol\u00f2nia, ho estan intentant a Fran\u00e7a des de fa uns anys, i aix\u00ed successivament. No ens desmoralitzem!<\/p>\n<blockquote><p>&#8220;El m\u00e9s \u00fatil \u00e9s all\u00f2 que els permet aprendre m\u00e9s i tenir m\u00e9s experi\u00e8ncies, i aix\u00f2 \u00e9s el que Michael Young anomena \u00abconeixement poder\u00f3s\u00bb&#8221;<\/p><\/blockquote>\n<p><strong>Quins s\u00f3n els vostres projectes actuals?<\/strong><\/p>\n<p>Molts. Feli\u00e7ment. Despr\u00e9s d&#8217;escriure aquest llibre, n&#8217;estic acabant un altre que es publicar\u00e0 en portugu\u00e8s el gener de 2025 sobre el tema de l&#8217;aprenentatge en general. Es titula&#8230; &#8211; amb poca originalitat, ho confesso! &#8211; <em>Aprendre<\/em>. Mentrestant, es publicaran dos llibres en els qu\u00e8 he col\u00b7laborat. Springer publicar\u00e0 en angl\u00e8s un llibre sobre els resultats de PISA despr\u00e9s del Covid-19, llibre que he co-editat amb Harry Patrinos, economista del Banc Mundial, ara a la Universitat d&#8217;Arkansas. \u00c9s un llibre d'&#8221;Acc\u00e9s Obert&#8221; que es podr\u00e0 descarregar d&#8217;Internet en poques setmanes i tamb\u00e9 sortir\u00e0 un segon llibre en qu\u00e8 vaig col\u00b7laborar sobre el curr\u00edculum.<\/p>\n<p>Recentment vaig ser nomenat membre del Consell Cient\u00edfic per a l&#8217;Educaci\u00f3 Nacional de l&#8217;Estat franc\u00e8s, cosa que va ser un gran honor per a mi. M\u00e9s feina, per\u00f2 feina molt interessant.<\/p>\n<p>Segueixo treballant en la fundaci\u00f3 &#8220;Iniciativa Educa\u00e7\u00e3o&#8221; a Portugal i viatjo molt. Afortunadament, sovint em demanen que contribueixi als debats educatius a molts llocs, com Pol\u00f2nia, Ar\u00e0bia Saudita, Argentina, Uruguai, Brasil i altres pa\u00efsos.<\/p>\n<p>I he tingut l&#8217;honor de ser escoltat pels meus amics de Barcelona!<\/p>\n<p>___<\/p>\n<p>\u2192 <a href=\"https:\/\/educationalevidence.com\/ca\/apologia-del-libro-de-texto\/\" target=\"_blank\" rel=\"noopener\">Ressenya del llibre <em>Apolog\u00eda del libro de texto<\/em><\/a><\/p>\n<hr \/>\n<p>Fuente:\u00a0<strong>educational EVIDENCE<\/strong><\/p>\n<p>Derechos:\u00a0<strong>Creative Commons<\/strong><\/p>\n","protected":false},"excerpt":{"rendered":"<p>Nuno Crato, el ministre d&#8217;Educaci\u00f3 que va portar Portugal als millors resultats educatius de la seva hist\u00f2ria, acaba de publicar Apolog\u00eda del libro de texto (Narcea), un llibre que es capbussa en la necessitat d&#8217;estructurar i simplificar els continguts educatius per aconseguir un millor aprenentatge integral.<\/p>\n","protected":false},"author":4,"featured_media":20774,"comment_status":"open","ping_status":"open","sticky":false,"template":"","format":"standard","meta":{"_FSMCFIC_featured_image_caption":"","_FSMCFIC_featured_image_nocaption":"1","_FSMCFIC_featured_image_hide":"","footnotes":""},"categories":[242,241],"tags":[1845,1920,1478,1844,1846,1923,400],"class_list":["post-20424","post","type-post","status-publish","format-standard","has-post-thumbnail","hentry","category-governanca","category-politica-ca","tag-coneixements","tag-david-ausubel","tag-formacio","tag-llibre-de-text","tag-manual-ca","tag-michael-young-ca","tag-nuno-crato-ca"],"yoast_head":"<!-- This site is optimized with the Yoast SEO plugin v27.4 - https:\/\/yoast.com\/product\/yoast-seo-wordpress\/ -->\n<title>Nuno Crato: &quot;Els manuals s\u00f3n fonamentals per a la bona formaci\u00f3&quot; - Educational Evidence<\/title>\n<meta name=\"description\" content=\"Nuno Crato, el ministre d&#039;Educaci\u00f3 que va portar Portugal als millors resultats educatius de la seva hist\u00f2ria, acaba de publicar Apolog\u00eda del libro de texto (Narcea), un llibre que es capbussa en la necessitat d&#039;estructurar i simplificar els continguts educatius per aconseguir un millor aprenentatge integral.\" \/>\n<meta name=\"robots\" content=\"index, follow, max-snippet:-1, max-image-preview:large, max-video-preview:-1\" \/>\n<link rel=\"canonical\" href=\"https:\/\/educationalevidence.com\/ca\/nuno-crato-els-manuals-son-fonamentals-per-a-la-bona-formacio\/\" \/>\n<meta property=\"og:locale\" content=\"ca_ES\" \/>\n<meta property=\"og:type\" content=\"article\" \/>\n<meta property=\"og:title\" content=\"Nuno Crato: &quot;Els manuals s\u00f3n fonamentals per a la bona formaci\u00f3&quot; - Educational Evidence\" \/>\n<meta property=\"og:description\" content=\"Nuno Crato, el ministre d&#039;Educaci\u00f3 que va portar Portugal als millors resultats educatius de la seva hist\u00f2ria, acaba de publicar Apolog\u00eda del libro de texto (Narcea), un llibre que es capbussa en la necessitat d&#039;estructurar i simplificar els continguts educatius per aconseguir un millor aprenentatge integral.\" \/>\n<meta property=\"og:url\" content=\"https:\/\/educationalevidence.com\/ca\/nuno-crato-els-manuals-son-fonamentals-per-a-la-bona-formacio\/\" \/>\n<meta property=\"og:site_name\" content=\"Educational Evidence\" \/>\n<meta property=\"article:published_time\" content=\"2024-10-16T07:59:04+00:00\" \/>\n<meta property=\"article:modified_time\" content=\"2024-10-16T08:08:26+00:00\" \/>\n<meta property=\"og:image\" content=\"https:\/\/educationalevidence.com\/wp-content\/uploads\/2024\/10\/Nuno-cover.jpg\" \/>\n\t<meta property=\"og:image:width\" content=\"900\" \/>\n\t<meta property=\"og:image:height\" content=\"599\" \/>\n\t<meta property=\"og:image:type\" content=\"image\/jpeg\" \/>\n<meta name=\"author\" content=\"educational EVIDENCE\" \/>\n<meta name=\"twitter:card\" content=\"summary_large_image\" \/>\n<meta name=\"twitter:label1\" content=\"Escrit per\" \/>\n\t<meta name=\"twitter:data1\" content=\"Andreu Navarra\" \/>\n\t<meta name=\"twitter:label2\" content=\"Temps estimat de lectura\" \/>\n\t<meta name=\"twitter:data2\" content=\"11 minuts\" \/>\n<script type=\"application\/ld+json\" class=\"yoast-schema-graph\">{\"@context\":\"https:\\\/\\\/schema.org\",\"@graph\":[{\"@type\":\"Article\",\"@id\":\"https:\\\/\\\/educationalevidence.com\\\/ca\\\/nuno-crato-els-manuals-son-fonamentals-per-a-la-bona-formacio\\\/#article\",\"isPartOf\":{\"@id\":\"https:\\\/\\\/educationalevidence.com\\\/ca\\\/nuno-crato-els-manuals-son-fonamentals-per-a-la-bona-formacio\\\/\"},\"author\":{\"name\":\"educational EVIDENCE\",\"@id\":\"https:\\\/\\\/educationalevidence.com\\\/ca\\\/#\\\/schema\\\/person\\\/91a8797f56f6a2e7ba6fd6297739bbf1\"},\"headline\":\"Nuno Crato: &#8220;Els manuals s\u00f3n fonamentals per a la bona formaci\u00f3&#8221;\",\"datePublished\":\"2024-10-16T07:59:04+00:00\",\"dateModified\":\"2024-10-16T08:08:26+00:00\",\"mainEntityOfPage\":{\"@id\":\"https:\\\/\\\/educationalevidence.com\\\/ca\\\/nuno-crato-els-manuals-son-fonamentals-per-a-la-bona-formacio\\\/\"},\"wordCount\":2323,\"commentCount\":0,\"publisher\":{\"@id\":\"https:\\\/\\\/educationalevidence.com\\\/ca\\\/#organization\"},\"image\":{\"@id\":\"https:\\\/\\\/educationalevidence.com\\\/ca\\\/nuno-crato-els-manuals-son-fonamentals-per-a-la-bona-formacio\\\/#primaryimage\"},\"thumbnailUrl\":\"https:\\\/\\\/educationalevidence.com\\\/wp-content\\\/uploads\\\/2024\\\/10\\\/Nuno-cover.jpg\",\"keywords\":[\"coneixements\",\"David Ausubel\",\"formaci\u00f3\",\"llibre de text\",\"manual\",\"Michael Young\",\"Nuno Crato\"],\"articleSection\":[\"Governan\u00e7a\",\"Pol\u00edtica\"],\"inLanguage\":\"ca\",\"potentialAction\":[{\"@type\":\"CommentAction\",\"name\":\"Comment\",\"target\":[\"https:\\\/\\\/educationalevidence.com\\\/ca\\\/nuno-crato-els-manuals-son-fonamentals-per-a-la-bona-formacio\\\/#respond\"]}]},{\"@type\":\"WebPage\",\"@id\":\"https:\\\/\\\/educationalevidence.com\\\/ca\\\/nuno-crato-els-manuals-son-fonamentals-per-a-la-bona-formacio\\\/\",\"url\":\"https:\\\/\\\/educationalevidence.com\\\/ca\\\/nuno-crato-els-manuals-son-fonamentals-per-a-la-bona-formacio\\\/\",\"name\":\"Nuno Crato: \\\"Els manuals s\u00f3n fonamentals per a la bona formaci\u00f3\\\" - Educational Evidence\",\"isPartOf\":{\"@id\":\"https:\\\/\\\/educationalevidence.com\\\/ca\\\/#website\"},\"primaryImageOfPage\":{\"@id\":\"https:\\\/\\\/educationalevidence.com\\\/ca\\\/nuno-crato-els-manuals-son-fonamentals-per-a-la-bona-formacio\\\/#primaryimage\"},\"image\":{\"@id\":\"https:\\\/\\\/educationalevidence.com\\\/ca\\\/nuno-crato-els-manuals-son-fonamentals-per-a-la-bona-formacio\\\/#primaryimage\"},\"thumbnailUrl\":\"https:\\\/\\\/educationalevidence.com\\\/wp-content\\\/uploads\\\/2024\\\/10\\\/Nuno-cover.jpg\",\"datePublished\":\"2024-10-16T07:59:04+00:00\",\"dateModified\":\"2024-10-16T08:08:26+00:00\",\"description\":\"Nuno Crato, el ministre d'Educaci\u00f3 que va portar Portugal als millors resultats educatius de la seva hist\u00f2ria, acaba de publicar Apolog\u00eda del libro de texto (Narcea), un llibre que es capbussa en la necessitat d'estructurar i simplificar els continguts educatius per aconseguir un millor aprenentatge integral.\",\"breadcrumb\":{\"@id\":\"https:\\\/\\\/educationalevidence.com\\\/ca\\\/nuno-crato-els-manuals-son-fonamentals-per-a-la-bona-formacio\\\/#breadcrumb\"},\"inLanguage\":\"ca\",\"potentialAction\":[{\"@type\":\"ReadAction\",\"target\":[\"https:\\\/\\\/educationalevidence.com\\\/ca\\\/nuno-crato-els-manuals-son-fonamentals-per-a-la-bona-formacio\\\/\"]}]},{\"@type\":\"ImageObject\",\"inLanguage\":\"ca\",\"@id\":\"https:\\\/\\\/educationalevidence.com\\\/ca\\\/nuno-crato-els-manuals-son-fonamentals-per-a-la-bona-formacio\\\/#primaryimage\",\"url\":\"https:\\\/\\\/educationalevidence.com\\\/wp-content\\\/uploads\\\/2024\\\/10\\\/Nuno-cover.jpg\",\"contentUrl\":\"https:\\\/\\\/educationalevidence.com\\\/wp-content\\\/uploads\\\/2024\\\/10\\\/Nuno-cover.jpg\",\"width\":900,\"height\":599,\"caption\":\"Nuno Crato\"},{\"@type\":\"BreadcrumbList\",\"@id\":\"https:\\\/\\\/educationalevidence.com\\\/ca\\\/nuno-crato-els-manuals-son-fonamentals-per-a-la-bona-formacio\\\/#breadcrumb\",\"itemListElement\":[{\"@type\":\"ListItem\",\"position\":1,\"name\":\"Portada\",\"item\":\"https:\\\/\\\/educationalevidence.com\\\/ca\\\/\"},{\"@type\":\"ListItem\",\"position\":2,\"name\":\"Nuno Crato: &#8220;Els manuals s\u00f3n fonamentals per a la bona formaci\u00f3&#8221;\"}]},{\"@type\":\"WebSite\",\"@id\":\"https:\\\/\\\/educationalevidence.com\\\/ca\\\/#website\",\"url\":\"https:\\\/\\\/educationalevidence.com\\\/ca\\\/\",\"name\":\"Educational Evidence\",\"description\":\"\",\"publisher\":{\"@id\":\"https:\\\/\\\/educationalevidence.com\\\/ca\\\/#organization\"},\"potentialAction\":[{\"@type\":\"SearchAction\",\"target\":{\"@type\":\"EntryPoint\",\"urlTemplate\":\"https:\\\/\\\/educationalevidence.com\\\/ca\\\/?s={search_term_string}\"},\"query-input\":{\"@type\":\"PropertyValueSpecification\",\"valueRequired\":true,\"valueName\":\"search_term_string\"}}],\"inLanguage\":\"ca\"},{\"@type\":\"Organization\",\"@id\":\"https:\\\/\\\/educationalevidence.com\\\/ca\\\/#organization\",\"name\":\"Educational Evidence\",\"url\":\"https:\\\/\\\/educationalevidence.com\\\/ca\\\/\",\"logo\":{\"@type\":\"ImageObject\",\"inLanguage\":\"ca\",\"@id\":\"https:\\\/\\\/educationalevidence.com\\\/ca\\\/#\\\/schema\\\/logo\\\/image\\\/\",\"url\":\"https:\\\/\\\/educationalevidence.com\\\/wp-content\\\/uploads\\\/2023\\\/07\\\/educational_evidence_logo_horitzontal_blanc_negatiu.png\",\"contentUrl\":\"https:\\\/\\\/educationalevidence.com\\\/wp-content\\\/uploads\\\/2023\\\/07\\\/educational_evidence_logo_horitzontal_blanc_negatiu.png\",\"width\":3508,\"height\":1090,\"caption\":\"Educational Evidence\"},\"image\":{\"@id\":\"https:\\\/\\\/educationalevidence.com\\\/ca\\\/#\\\/schema\\\/logo\\\/image\\\/\"}},{\"@type\":\"Person\",\"@id\":\"https:\\\/\\\/educationalevidence.com\\\/ca\\\/#\\\/schema\\\/person\\\/91a8797f56f6a2e7ba6fd6297739bbf1\",\"name\":\"educational EVIDENCE\",\"image\":{\"@type\":\"ImageObject\",\"inLanguage\":\"ca\",\"@id\":\"https:\\\/\\\/educationalevidence.com\\\/wp-content\\\/litespeed\\\/avatar\\\/e9888a11dc51b117a0209ebd4a5f884d.jpg?ver=1776848342\",\"url\":\"https:\\\/\\\/educationalevidence.com\\\/wp-content\\\/litespeed\\\/avatar\\\/e9888a11dc51b117a0209ebd4a5f884d.jpg?ver=1776848342\",\"contentUrl\":\"https:\\\/\\\/educationalevidence.com\\\/wp-content\\\/litespeed\\\/avatar\\\/e9888a11dc51b117a0209ebd4a5f884d.jpg?ver=1776848342\",\"caption\":\"educational EVIDENCE\"},\"sameAs\":[\"https:\\\/\\\/educationalevidence.com\\\/\"],\"url\":\"\"}]}<\/script>\n<!-- \/ Yoast SEO plugin. -->","yoast_head_json":{"title":"Nuno Crato: \"Els manuals s\u00f3n fonamentals per a la bona formaci\u00f3\" - Educational Evidence","description":"Nuno Crato, el ministre d'Educaci\u00f3 que va portar Portugal als millors resultats educatius de la seva hist\u00f2ria, acaba de publicar Apolog\u00eda del libro de texto (Narcea), un llibre que es capbussa en la necessitat d'estructurar i simplificar els continguts educatius per aconseguir un millor aprenentatge integral.","robots":{"index":"index","follow":"follow","max-snippet":"max-snippet:-1","max-image-preview":"max-image-preview:large","max-video-preview":"max-video-preview:-1"},"canonical":"https:\/\/educationalevidence.com\/ca\/nuno-crato-els-manuals-son-fonamentals-per-a-la-bona-formacio\/","og_locale":"ca_ES","og_type":"article","og_title":"Nuno Crato: \"Els manuals s\u00f3n fonamentals per a la bona formaci\u00f3\" - Educational Evidence","og_description":"Nuno Crato, el ministre d'Educaci\u00f3 que va portar Portugal als millors resultats educatius de la seva hist\u00f2ria, acaba de publicar Apolog\u00eda del libro de texto (Narcea), un llibre que es capbussa en la necessitat d'estructurar i simplificar els continguts educatius per aconseguir un millor aprenentatge integral.","og_url":"https:\/\/educationalevidence.com\/ca\/nuno-crato-els-manuals-son-fonamentals-per-a-la-bona-formacio\/","og_site_name":"Educational Evidence","article_published_time":"2024-10-16T07:59:04+00:00","article_modified_time":"2024-10-16T08:08:26+00:00","og_image":[{"width":900,"height":599,"url":"https:\/\/educationalevidence.com\/wp-content\/uploads\/2024\/10\/Nuno-cover.jpg","type":"image\/jpeg"}],"author":"educational EVIDENCE","twitter_card":"summary_large_image","twitter_misc":{"Escrit per":"Andreu Navarra","Temps estimat de lectura":"11 minuts"},"schema":{"@context":"https:\/\/schema.org","@graph":[{"@type":"Article","@id":"https:\/\/educationalevidence.com\/ca\/nuno-crato-els-manuals-son-fonamentals-per-a-la-bona-formacio\/#article","isPartOf":{"@id":"https:\/\/educationalevidence.com\/ca\/nuno-crato-els-manuals-son-fonamentals-per-a-la-bona-formacio\/"},"author":{"name":"educational EVIDENCE","@id":"https:\/\/educationalevidence.com\/ca\/#\/schema\/person\/91a8797f56f6a2e7ba6fd6297739bbf1"},"headline":"Nuno Crato: &#8220;Els manuals s\u00f3n fonamentals per a la bona formaci\u00f3&#8221;","datePublished":"2024-10-16T07:59:04+00:00","dateModified":"2024-10-16T08:08:26+00:00","mainEntityOfPage":{"@id":"https:\/\/educationalevidence.com\/ca\/nuno-crato-els-manuals-son-fonamentals-per-a-la-bona-formacio\/"},"wordCount":2323,"commentCount":0,"publisher":{"@id":"https:\/\/educationalevidence.com\/ca\/#organization"},"image":{"@id":"https:\/\/educationalevidence.com\/ca\/nuno-crato-els-manuals-son-fonamentals-per-a-la-bona-formacio\/#primaryimage"},"thumbnailUrl":"https:\/\/educationalevidence.com\/wp-content\/uploads\/2024\/10\/Nuno-cover.jpg","keywords":["coneixements","David Ausubel","formaci\u00f3","llibre de text","manual","Michael Young","Nuno Crato"],"articleSection":["Governan\u00e7a","Pol\u00edtica"],"inLanguage":"ca","potentialAction":[{"@type":"CommentAction","name":"Comment","target":["https:\/\/educationalevidence.com\/ca\/nuno-crato-els-manuals-son-fonamentals-per-a-la-bona-formacio\/#respond"]}]},{"@type":"WebPage","@id":"https:\/\/educationalevidence.com\/ca\/nuno-crato-els-manuals-son-fonamentals-per-a-la-bona-formacio\/","url":"https:\/\/educationalevidence.com\/ca\/nuno-crato-els-manuals-son-fonamentals-per-a-la-bona-formacio\/","name":"Nuno Crato: \"Els manuals s\u00f3n fonamentals per a la bona formaci\u00f3\" - Educational Evidence","isPartOf":{"@id":"https:\/\/educationalevidence.com\/ca\/#website"},"primaryImageOfPage":{"@id":"https:\/\/educationalevidence.com\/ca\/nuno-crato-els-manuals-son-fonamentals-per-a-la-bona-formacio\/#primaryimage"},"image":{"@id":"https:\/\/educationalevidence.com\/ca\/nuno-crato-els-manuals-son-fonamentals-per-a-la-bona-formacio\/#primaryimage"},"thumbnailUrl":"https:\/\/educationalevidence.com\/wp-content\/uploads\/2024\/10\/Nuno-cover.jpg","datePublished":"2024-10-16T07:59:04+00:00","dateModified":"2024-10-16T08:08:26+00:00","description":"Nuno Crato, el ministre d'Educaci\u00f3 que va portar Portugal als millors resultats educatius de la seva hist\u00f2ria, acaba de publicar Apolog\u00eda del libro de texto (Narcea), un llibre que es capbussa en la necessitat d'estructurar i simplificar els continguts educatius per aconseguir un millor aprenentatge integral.","breadcrumb":{"@id":"https:\/\/educationalevidence.com\/ca\/nuno-crato-els-manuals-son-fonamentals-per-a-la-bona-formacio\/#breadcrumb"},"inLanguage":"ca","potentialAction":[{"@type":"ReadAction","target":["https:\/\/educationalevidence.com\/ca\/nuno-crato-els-manuals-son-fonamentals-per-a-la-bona-formacio\/"]}]},{"@type":"ImageObject","inLanguage":"ca","@id":"https:\/\/educationalevidence.com\/ca\/nuno-crato-els-manuals-son-fonamentals-per-a-la-bona-formacio\/#primaryimage","url":"https:\/\/educationalevidence.com\/wp-content\/uploads\/2024\/10\/Nuno-cover.jpg","contentUrl":"https:\/\/educationalevidence.com\/wp-content\/uploads\/2024\/10\/Nuno-cover.jpg","width":900,"height":599,"caption":"Nuno Crato"},{"@type":"BreadcrumbList","@id":"https:\/\/educationalevidence.com\/ca\/nuno-crato-els-manuals-son-fonamentals-per-a-la-bona-formacio\/#breadcrumb","itemListElement":[{"@type":"ListItem","position":1,"name":"Portada","item":"https:\/\/educationalevidence.com\/ca\/"},{"@type":"ListItem","position":2,"name":"Nuno Crato: &#8220;Els manuals s\u00f3n fonamentals per a la bona formaci\u00f3&#8221;"}]},{"@type":"WebSite","@id":"https:\/\/educationalevidence.com\/ca\/#website","url":"https:\/\/educationalevidence.com\/ca\/","name":"Educational Evidence","description":"","publisher":{"@id":"https:\/\/educationalevidence.com\/ca\/#organization"},"potentialAction":[{"@type":"SearchAction","target":{"@type":"EntryPoint","urlTemplate":"https:\/\/educationalevidence.com\/ca\/?s={search_term_string}"},"query-input":{"@type":"PropertyValueSpecification","valueRequired":true,"valueName":"search_term_string"}}],"inLanguage":"ca"},{"@type":"Organization","@id":"https:\/\/educationalevidence.com\/ca\/#organization","name":"Educational Evidence","url":"https:\/\/educationalevidence.com\/ca\/","logo":{"@type":"ImageObject","inLanguage":"ca","@id":"https:\/\/educationalevidence.com\/ca\/#\/schema\/logo\/image\/","url":"https:\/\/educationalevidence.com\/wp-content\/uploads\/2023\/07\/educational_evidence_logo_horitzontal_blanc_negatiu.png","contentUrl":"https:\/\/educationalevidence.com\/wp-content\/uploads\/2023\/07\/educational_evidence_logo_horitzontal_blanc_negatiu.png","width":3508,"height":1090,"caption":"Educational Evidence"},"image":{"@id":"https:\/\/educationalevidence.com\/ca\/#\/schema\/logo\/image\/"}},{"@type":"Person","@id":"https:\/\/educationalevidence.com\/ca\/#\/schema\/person\/91a8797f56f6a2e7ba6fd6297739bbf1","name":"educational EVIDENCE","image":{"@type":"ImageObject","inLanguage":"ca","@id":"https:\/\/educationalevidence.com\/wp-content\/litespeed\/avatar\/e9888a11dc51b117a0209ebd4a5f884d.jpg?ver=1776848342","url":"https:\/\/educationalevidence.com\/wp-content\/litespeed\/avatar\/e9888a11dc51b117a0209ebd4a5f884d.jpg?ver=1776848342","contentUrl":"https:\/\/educationalevidence.com\/wp-content\/litespeed\/avatar\/e9888a11dc51b117a0209ebd4a5f884d.jpg?ver=1776848342","caption":"educational EVIDENCE"},"sameAs":["https:\/\/educationalevidence.com\/"],"url":""}]}},"_links":{"self":[{"href":"https:\/\/educationalevidence.com\/ca\/wp-json\/wp\/v2\/posts\/20424","targetHints":{"allow":["GET"]}}],"collection":[{"href":"https:\/\/educationalevidence.com\/ca\/wp-json\/wp\/v2\/posts"}],"about":[{"href":"https:\/\/educationalevidence.com\/ca\/wp-json\/wp\/v2\/types\/post"}],"author":[{"embeddable":true,"href":"https:\/\/educationalevidence.com\/ca\/wp-json\/wp\/v2\/users\/4"}],"replies":[{"embeddable":true,"href":"https:\/\/educationalevidence.com\/ca\/wp-json\/wp\/v2\/comments?post=20424"}],"version-history":[{"count":19,"href":"https:\/\/educationalevidence.com\/ca\/wp-json\/wp\/v2\/posts\/20424\/revisions"}],"predecessor-version":[{"id":20852,"href":"https:\/\/educationalevidence.com\/ca\/wp-json\/wp\/v2\/posts\/20424\/revisions\/20852"}],"wp:featuredmedia":[{"embeddable":true,"href":"https:\/\/educationalevidence.com\/ca\/wp-json\/wp\/v2\/media\/20774"}],"wp:attachment":[{"href":"https:\/\/educationalevidence.com\/ca\/wp-json\/wp\/v2\/media?parent=20424"}],"wp:term":[{"taxonomy":"category","embeddable":true,"href":"https:\/\/educationalevidence.com\/ca\/wp-json\/wp\/v2\/categories?post=20424"},{"taxonomy":"post_tag","embeddable":true,"href":"https:\/\/educationalevidence.com\/ca\/wp-json\/wp\/v2\/tags?post=20424"}],"curies":[{"name":"wp","href":"https:\/\/api.w.org\/{rel}","templated":true}]}}