{"id":19721,"date":"2024-09-17T19:21:56","date_gmt":"2024-09-17T17:21:56","guid":{"rendered":"https:\/\/educationalevidence.com\/?p=19721"},"modified":"2024-10-01T12:39:34","modified_gmt":"2024-10-01T10:39:34","slug":"yayoi-kusama-explorant-les-fronteres-de-lart","status":"publish","type":"post","link":"https:\/\/educationalevidence.com\/ca\/yayoi-kusama-explorant-les-fronteres-de-lart\/","title":{"rendered":"Yayoi Kusama: Explorant les Fronteres de l\u2019Art"},"content":{"rendered":"<h1>Yayoi Kusama: Explorant les Fronteres de l\u2019Art<\/h1>\n<p>El di\u00e0leg intercultural com a catalitzador per a la innovaci\u00f3 art\u00edstica<\/p>\n<figure id=\"attachment_19656\" aria-describedby=\"caption-attachment-19656\" style=\"width: 768px\" class=\"wp-caption aligncenter\"><img fetchpriority=\"high\" decoding=\"async\" class=\"size-large wp-image-19656\" src=\"https:\/\/educationalevidence.com\/wp-content\/uploads\/2024\/09\/Yayoi_Kusama_wax_model_at_Louis_Vitton-768x1024.jpg\" alt=\"\" width=\"768\" height=\"1024\" srcset=\"https:\/\/educationalevidence.com\/wp-content\/uploads\/2024\/09\/Yayoi_Kusama_wax_model_at_Louis_Vitton-768x1024.jpg 768w, https:\/\/educationalevidence.com\/wp-content\/uploads\/2024\/09\/Yayoi_Kusama_wax_model_at_Louis_Vitton-225x300.jpg 225w, https:\/\/educationalevidence.com\/wp-content\/uploads\/2024\/09\/Yayoi_Kusama_wax_model_at_Louis_Vitton.jpg 800w\" sizes=\"(max-width: 768px) 100vw, 768px\" \/><figcaption id=\"caption-attachment-19656\" class=\"wp-caption-text\">Yayoi Kusama el 2012. \/ Wikimedia. Cr\u00e9ditos: De Garry Knight \u2013 https:\/\/www.flickr.com\/photos\/garryknight\/8317472647, CC BY 2.0, https:\/\/commons.wikimedia.org\/w\/index.php?curid=38789907<\/figcaption><\/figure>\n<p><a href=\"https:\/\/creativecommons.org\/licenses\/by-nc-nd\/4.0\/deed.ca\">Llic\u00e8ncia Creative Commons<\/a><\/p>\n<p><strong><img decoding=\"async\" class=\"alignleft wp-image-19647\" src=\"https:\/\/educationalevidence.com\/wp-content\/uploads\/2024\/09\/Marta-Ferre-150x150.jpg\" alt=\"\" width=\"70\" height=\"70\" \/><\/strong><\/p>\n<p>&nbsp;<\/p>\n<p><strong>Marta Ferr\u00e9<\/strong><\/p>\n<p><strong>\u00a0<\/strong><\/p>\n<p>La interacci\u00f3 cultural entre Orient i Occident ha representat una font inesgotable d\u2019inspiraci\u00f3 i transformaci\u00f3 en el m\u00f3n de la cultura i de l\u2019art al llarg de la hist\u00f2ria. Aquest intercanvi, definit per l\u2019antrop\u00f2leg argent\u00ed N\u00e9stor Garc\u00eda Canclini com el proc\u00e9s de fusi\u00f3 entre dues cultures diferents que dona lloc a noves formes h\u00edbrides, s\u2019ha intensificat amb l\u2019arribada de la globalitzaci\u00f3 propiciada per la tecnologia a escala mundial.<\/p>\n<p>Tot i les veus cr\u00edtiques que argumenten que la globalitzaci\u00f3 pot uniformitzar i fragmentar les identitats, cal destacar que tamb\u00e9 posseeix la capacitat de connectar i revitalitzar les cultures a trav\u00e9s de les seves interaccions. Segons el te\u00f2ric indi Homi K. Bhabha, aquests intercanvis creen un espai \u201cintermedi\u201d f\u00e8rtil, on afloren noves identitats i pr\u00e0ctiques art\u00edstiques que reflecteixen la complexitat del m\u00f3n contemporani.<\/p>\n<p>Un exemple d\u2019aquesta din\u00e0mica \u00e9s Yayoi Kusama, artista pluridisciplin\u00e0ria japonesa amb una llarga i prol\u00edfica carrera, que amb 95 anys i reclosa per voluntat pr\u00f2pia en un psiqui\u00e0tric, continua creant incansablement. La seva obra es caracteritza per motius repetitius, com els\u00a0<em>polka dots<\/em>, punts disposats aleat\u00f2riament sobre diferents superf\u00edcies, influencia de l\u2019art tradicional japon\u00e8s\u00a0<em>ukiyo-e<\/em>\u00a0i un \u00fas viu del color. La fusi\u00f3 d\u2019est\u00e8tiques japoneses tradicionals amb influ\u00e8ncies d\u2019avantguarda occidental ha donat lloc a la creaci\u00f3 d\u2019obres \u00faniques i de gran impacte visual. En aquest sentit, el treball de Kusama ens demostra com el di\u00e0leg intercultural, pot esdevenir un catalitzador per a la innovaci\u00f3 art\u00edstica.<\/p>\n<p>Nascuda el 1929 a Matsumoto, Jap\u00f3, en el si d\u2019una fam\u00edlia conservadora dedicada al comer\u00e7 de llavors i vivers, Kusama va cr\u00e9ixer envoltada de camps i flors. Des de ben jove, va mostrar un talent art\u00edstic excepcional i va comen\u00e7ar a experimentar al\u00b7lucinacions amb llums, punts i flors que li parlaven, derivant en problemes de salut mental. La seva inf\u00e0ncia turbulenta, marcada per una mare que la for\u00e7ava a espiar les infidelitats del seu pare, li va causar una f\u00f2bia duradora al sexe i als homes. Aquestes experi\u00e8ncies es reflectirien en algunes de les seves obres, com la instal\u00b7laci\u00f3 \u201cInfinity Mirror Room\u2014Phalli\u2019s Field\u201d (1965).<\/p>\n<p>El context socioecon\u00f2mic del Jap\u00f3 dels anys trenta i quaranta, en el qual es desenvolup\u00e0 Kusama, va experimentar grans transformacions sota el mandat de l\u2019emperador Hirohito en el per\u00edode Sh\u014dwa (1926-1989). Despr\u00e9s de la Segona Guerra Mundial, el pa\u00eds va viure una r\u00e0pida reconstrucci\u00f3 sota l\u2019ocupaci\u00f3 estatunidenca. Aquest fenomen, conegut com el \u201cmiracle econ\u00f2mic\u201d, va obrir la societat japonesa a Occident. Si b\u00e9, la constituci\u00f3 de 1947 garantia la igualtat de drets per a homes i dones, les dones en zones rurals seguien enfrontant-se a barreres importants, limitades tradicionalment als rols de filla, esposa i mare, seguint les doctrines del confucianisme.<\/p>\n<p>Sota l\u2019entorn opressiu del Jap\u00f3 patriarcal, Yayoi Kusama va desafiar les objeccions dels seus pares \u2014per raons socials i de g\u00e8nere\u2014 per seguir una carrera art\u00edstica. Despr\u00e9s d\u2019ingressar a la Universitat de les Arts de Kyoto on va estudiar\u00a0<em>Nihonga<\/em>, pintura tradicional japonesa, va sentir-se limitada per les restriccions d\u2019aquest estil, dirigint-se cap a l\u2019avantguarda art\u00edstica i l\u2019impressionisme abstracte europeu i nord-americ\u00e0. Les seves primeres exposicions entre 1950 i 1957 al Jap\u00f3 van captivar els cr\u00edtics d\u2019art, tot i que sovint rebien comentaris ambivalents i despectius, influ\u00efts per una perspectiva de g\u00e8nere.<\/p>\n<p>Kusama va sentir la necessitat d\u2019allunyar-se per preservar la seva ess\u00e8ncia creativa i cercar oportunitats a l\u2019estranger, on esperava poder expressar-se lliurement. L\u2019arribada a Nova York durant els anys seixanta va significar un punt d\u2019inflexi\u00f3 en la seva carrera.<\/p>\n<p>La d\u00e8cada de 1960 als Estats Units va ser una \u00e8poca de canvis que sacsejaren la societat, la pol\u00edtica i la cultura del pa\u00eds. Aquest per\u00edode va estar marcat per la presid\u00e8ncia de John F. Kennedy, la crisi dels m\u00edssils cubans, la carrera espacial amb l\u2019arribada de l\u2019home a la lluna 1969 i l\u2019esclat de la guerra del Vietnam. Despr\u00e9s del seu assassinat, Lyndon B. Johnson va impulsar el programa de la Gran Societat, que inclo\u00efa reformes en la Llei de Drets Civils de 1964, amb l\u2019objectiu de posar fi a la discriminaci\u00f3 racial. Martin Luther King Jr. amb el seu fam\u00f3s discurs \u201cI Have a Dream\u201d, i Malcolm X, emergiren com a figures clau, liderant moviments pels drets civils de la comunitat afroamericana.<\/p>\n<p>Al mateix temps, la contracultura dels anys 60 prenia forma, promovent el feminisme amb icones com l\u2019escriptora i activista Betty Friedan i el seu llibre \u201cThe Feminine Mystique\u201d (1963); l\u2019alliberament sexual amb la introducci\u00f3 de la p\u00edndola anticonceptiva al 1961 i la defensa de la llibertat d\u2019expressi\u00f3 pels drets i la visibilitat LGBT+. El moviment\u00a0<em>hippie<\/em>\u00a0promovia la llibertat i rebutjava el consumisme amb una forta consci\u00e8ncia ecol\u00f2gica i l\u2019\u00fas de drogues psicod\u00e8liques.<\/p>\n<p>La revoluci\u00f3 cultural reflectia un esperit innovador i transgressor signe dels temps. Figures com Allen Ginsberg, Jack Kerouac i bandes com The Beatles, Rolling Stones, Jimi Hendrix, Janis Joplin o The Velvet Underground, van definir la contracultura amb la seva m\u00fasica psicod\u00e8lica i missatges de rebel\u00b7lia. Paral\u00b7lelament, Nova York es convertia en l\u2019epicentre de l\u2019art contemporani mundial, experimentant una explosi\u00f3 de diversitat y creativitat, impulsada per moviments com el pop art, l\u2019expressionisme abstracte, el minimalisme, l\u2019art conceptual, el moviment\u00a0<em>Fluxus<\/em>\u00a0(tot el que flueix), la performance art\u00edstica, el\u00a0<em>graffiti<\/em>\u00a0i el\u00a0<em>street art<\/em>. Kusama es va trobar immersa en aquest ambient expansiu, connectant amb altres artistes com Georgia O\u2019Keeffe, Donald Judd, Joseph Cornell, De Kooning o Andy Warhol, amb els que va mantenir relacions tant d\u2019admiraci\u00f3 com de conflicte, acusant Warhol, de plagiar algunes de les seves creacions.<\/p>\n<p>Enmig d\u2019aquest bullici l\u2019artista va trobar a Nova York un escenari ple de desafiaments i oportunitats. Inicialment marginada per la seva condici\u00f3 d\u2019<em>outsider<\/em>, com a dona oriental\u00a0 en un m\u00f3n art\u00edstic dominat per homes blancs, va impactar en l\u2019escena amb les seves instal\u00b7lacions immersives i els seus motius repetitius. Va abra\u00e7ar el feminisme, desafiant estereotips de g\u00e8nere incorporant s\u00edmbols sexuals i objectes quotidians en les seves escultures. Les\u00a0<em>performances<\/em>\u00a0i\u00a0<em>happenings\u00a0<\/em>transmetien missatges pol\u00edtics en contra de la guerra del Vietnam i altres causes socials, convertint-la en una l\u00edder de la cultura\u00a0<em>hippie<\/em>\u00a0i dels moviments d\u2019alliberament sexual.<\/p>\n<p>Kusama va captar de manera excepcional el seu entorn art\u00edstic i social, tant diferent del context nip\u00f3. Aix\u00f2 va propiciar la seva obertura creativa per explorar diferents disciplines i formats com la pintura, l\u2019escultura, la fotografia, les instal\u00b7lacions infinites, els\u00a0<em>happenings<\/em>, les<em>\u00a0performances<\/em>, el\u00a0<em>body-painting<\/em>\u00a0i el videoart. La determinaci\u00f3 i energia per promoure la seva obra van ser essencials per establir-se com una figura destacada en l\u2019avantguarda art\u00edstica de Nova York, tot i mantenint una identitat japonesa distintiva en les seves creacions.<\/p>\n<p>Despr\u00e9s de tornar al Jap\u00f3 el 1973, l\u2019artista va organitzar alguns\u00a0<em>happenings<\/em>, com el de T\u00f2quio on es va presentar mig nua per protestar contra la repressi\u00f3 sexual, fet que provoc\u00e0 el seu arrest i la censura per part de la premsa. Tot i que Kusama va caure en l\u2019oblit durant els anys setanta i vuitanta, el seu treball va ser redescobert a finals dels vuitanta, amb exposicions a Nova York i Ven\u00e8cia que van revifar el seu reconeixement internacional.<\/p>\n<p>Des de llavors, la participaci\u00f3 de Kusama en esdeveniments internacionals no ha parat d\u2019augmentar consolidant-la com una figura clau de l\u2019avantguarda art\u00edstica contempor\u00e0nia i com a icona cultural del segle XXI. Actualment, \u00e9s l\u2019artista viva m\u00e9s cotitzada del m\u00f3n i ha publicat diverses novel\u00b7les, poesia i una autobiografia. A m\u00e9s, t\u00e9 un museu a T\u00f2quio dedicat a la seva obra, el\u00a0<em>Yayoi Kusama Museum,\u00a0<\/em>i ha dissenyat col\u00b7leccions de moda, col\u00b7laborant amb marques com Gucci o Louis Vuitton.<\/p>\n<p>L\u2019exemple de Kusama ens recorda que l\u2019art i la cultura s\u00f3n din\u00e0mics i evolucionen constantment, alimentats pels intercanvis entre diferents tradicions i perspectives. La seva obra continua inspirant generacions a explorar noves fronteres i a abra\u00e7ar la diversitat com a font d\u2019enriquiment i creativitat. La singular concepci\u00f3 art\u00edstica de Yayoi Kusama, fruit de la interacci\u00f3 cultural entre Orient i Occident, segueix generant nous universos creatius que perpetuaran el seu llegat de manera infinita.<\/p>\n<hr \/>\n<p>Font:\u00a0<strong>educational EVIDENCE<\/strong><\/p>\n<p>Drets:\u00a0<strong>Creative Commons<\/strong><\/p>\n","protected":false},"excerpt":{"rendered":"<p>La interacci\u00f3 cultural entre Orient i Occident ha representat una font inesgotable d\u2019inspiraci\u00f3 i transformaci\u00f3 en el m\u00f3n de la cultura i de l\u2019art al llarg de la hist\u00f2ria. Aquest intercanvi, definit per l\u2019antrop\u00f2leg argent\u00ed N\u00e9stor Garc\u00eda Canclini com el proc\u00e9s de fusi\u00f3 entre dues cultures diferents que dona lloc a noves formes h\u00edbrides, s\u2019ha intensificat amb l\u2019arribada de la globalitzaci\u00f3 propiciada per la tecnologia a escala mundial.<\/p>\n","protected":false},"author":4,"featured_media":19656,"comment_status":"open","ping_status":"open","sticky":false,"template":"","format":"standard","meta":{"_FSMCFIC_featured_image_caption":"","_FSMCFIC_featured_image_nocaption":"1","_FSMCFIC_featured_image_hide":"","footnotes":""},"categories":[232],"tags":[1731],"class_list":["post-19721","post","type-post","status-publish","format-standard","has-post-thumbnail","hentry","category-humanitats","tag-yayoi-kusama-ca"],"yoast_head":"<!-- This site is optimized with the Yoast SEO plugin v27.5 - https:\/\/yoast.com\/product\/yoast-seo-wordpress\/ -->\n<title>Yayoi Kusama: Explorant les Fronteres de l\u2019Art - Educational Evidence<\/title>\n<meta name=\"description\" content=\"La interacci\u00f3 cultural entre Orient i Occident ha representat una font inesgotable d\u2019inspiraci\u00f3 i transformaci\u00f3 en el m\u00f3n de la cultura i de l\u2019art al llarg de la hist\u00f2ria. Aquest intercanvi, definit per l\u2019antrop\u00f2leg argent\u00ed N\u00e9stor Garc\u00eda Canclini com el proc\u00e9s de fusi\u00f3 entre dues cultures diferents que dona lloc a noves formes h\u00edbrides, s\u2019ha intensificat amb l\u2019arribada de la globalitzaci\u00f3 propiciada per la tecnologia a escala mundial.\" \/>\n<meta name=\"robots\" content=\"index, follow, max-snippet:-1, max-image-preview:large, max-video-preview:-1\" \/>\n<link rel=\"canonical\" href=\"https:\/\/educationalevidence.com\/ca\/yayoi-kusama-explorant-les-fronteres-de-lart\/\" \/>\n<meta property=\"og:locale\" content=\"ca_ES\" \/>\n<meta property=\"og:type\" content=\"article\" \/>\n<meta property=\"og:title\" content=\"Yayoi Kusama: Explorant les Fronteres de l\u2019Art - Educational Evidence\" \/>\n<meta property=\"og:description\" content=\"La interacci\u00f3 cultural entre Orient i Occident ha representat una font inesgotable d\u2019inspiraci\u00f3 i transformaci\u00f3 en el m\u00f3n de la cultura i de l\u2019art al llarg de la hist\u00f2ria. Aquest intercanvi, definit per l\u2019antrop\u00f2leg argent\u00ed N\u00e9stor Garc\u00eda Canclini com el proc\u00e9s de fusi\u00f3 entre dues cultures diferents que dona lloc a noves formes h\u00edbrides, s\u2019ha intensificat amb l\u2019arribada de la globalitzaci\u00f3 propiciada per la tecnologia a escala mundial.\" \/>\n<meta property=\"og:url\" content=\"https:\/\/educationalevidence.com\/ca\/yayoi-kusama-explorant-les-fronteres-de-lart\/\" \/>\n<meta property=\"og:site_name\" content=\"Educational Evidence\" \/>\n<meta property=\"article:published_time\" content=\"2024-09-17T17:21:56+00:00\" \/>\n<meta property=\"article:modified_time\" content=\"2024-10-01T10:39:34+00:00\" \/>\n<meta property=\"og:image\" content=\"https:\/\/educationalevidence.com\/wp-content\/uploads\/2024\/09\/Yayoi_Kusama_wax_model_at_Louis_Vitton.jpg\" \/>\n\t<meta property=\"og:image:width\" content=\"800\" \/>\n\t<meta property=\"og:image:height\" content=\"1067\" \/>\n\t<meta property=\"og:image:type\" content=\"image\/jpeg\" \/>\n<meta name=\"author\" content=\"educational EVIDENCE\" \/>\n<meta name=\"twitter:card\" content=\"summary_large_image\" \/>\n<meta name=\"twitter:label1\" content=\"Escrit per\" \/>\n\t<meta name=\"twitter:data1\" content=\"Marta Ferr\u00e9\" \/>\n\t<meta name=\"twitter:label2\" content=\"Temps estimat de lectura\" \/>\n\t<meta name=\"twitter:data2\" content=\"7 minuts\" \/>\n<script type=\"application\/ld+json\" class=\"yoast-schema-graph\">{\"@context\":\"https:\\\/\\\/schema.org\",\"@graph\":[{\"@type\":\"Article\",\"@id\":\"https:\\\/\\\/educationalevidence.com\\\/ca\\\/yayoi-kusama-explorant-les-fronteres-de-lart\\\/#article\",\"isPartOf\":{\"@id\":\"https:\\\/\\\/educationalevidence.com\\\/ca\\\/yayoi-kusama-explorant-les-fronteres-de-lart\\\/\"},\"author\":{\"name\":\"educational EVIDENCE\",\"@id\":\"https:\\\/\\\/educationalevidence.com\\\/ca\\\/#\\\/schema\\\/person\\\/91a8797f56f6a2e7ba6fd6297739bbf1\"},\"headline\":\"Yayoi Kusama: Explorant les Fronteres de l\u2019Art\",\"datePublished\":\"2024-09-17T17:21:56+00:00\",\"dateModified\":\"2024-10-01T10:39:34+00:00\",\"mainEntityOfPage\":{\"@id\":\"https:\\\/\\\/educationalevidence.com\\\/ca\\\/yayoi-kusama-explorant-les-fronteres-de-lart\\\/\"},\"wordCount\":1530,\"commentCount\":0,\"publisher\":{\"@id\":\"https:\\\/\\\/educationalevidence.com\\\/ca\\\/#organization\"},\"image\":{\"@id\":\"https:\\\/\\\/educationalevidence.com\\\/ca\\\/yayoi-kusama-explorant-les-fronteres-de-lart\\\/#primaryimage\"},\"thumbnailUrl\":\"https:\\\/\\\/educationalevidence.com\\\/wp-content\\\/uploads\\\/2024\\\/09\\\/Yayoi_Kusama_wax_model_at_Louis_Vitton.jpg\",\"keywords\":[\"Yayoi Kusama\"],\"articleSection\":[\"Humanitats\"],\"inLanguage\":\"ca\",\"potentialAction\":[{\"@type\":\"CommentAction\",\"name\":\"Comment\",\"target\":[\"https:\\\/\\\/educationalevidence.com\\\/ca\\\/yayoi-kusama-explorant-les-fronteres-de-lart\\\/#respond\"]}]},{\"@type\":\"WebPage\",\"@id\":\"https:\\\/\\\/educationalevidence.com\\\/ca\\\/yayoi-kusama-explorant-les-fronteres-de-lart\\\/\",\"url\":\"https:\\\/\\\/educationalevidence.com\\\/ca\\\/yayoi-kusama-explorant-les-fronteres-de-lart\\\/\",\"name\":\"Yayoi Kusama: Explorant les Fronteres de l\u2019Art - Educational Evidence\",\"isPartOf\":{\"@id\":\"https:\\\/\\\/educationalevidence.com\\\/ca\\\/#website\"},\"primaryImageOfPage\":{\"@id\":\"https:\\\/\\\/educationalevidence.com\\\/ca\\\/yayoi-kusama-explorant-les-fronteres-de-lart\\\/#primaryimage\"},\"image\":{\"@id\":\"https:\\\/\\\/educationalevidence.com\\\/ca\\\/yayoi-kusama-explorant-les-fronteres-de-lart\\\/#primaryimage\"},\"thumbnailUrl\":\"https:\\\/\\\/educationalevidence.com\\\/wp-content\\\/uploads\\\/2024\\\/09\\\/Yayoi_Kusama_wax_model_at_Louis_Vitton.jpg\",\"datePublished\":\"2024-09-17T17:21:56+00:00\",\"dateModified\":\"2024-10-01T10:39:34+00:00\",\"description\":\"La interacci\u00f3 cultural entre Orient i Occident ha representat una font inesgotable d\u2019inspiraci\u00f3 i transformaci\u00f3 en el m\u00f3n de la cultura i de l\u2019art al llarg de la hist\u00f2ria. Aquest intercanvi, definit per l\u2019antrop\u00f2leg argent\u00ed N\u00e9stor Garc\u00eda Canclini com el proc\u00e9s de fusi\u00f3 entre dues cultures diferents que dona lloc a noves formes h\u00edbrides, s\u2019ha intensificat amb l\u2019arribada de la globalitzaci\u00f3 propiciada per la tecnologia a escala mundial.\",\"breadcrumb\":{\"@id\":\"https:\\\/\\\/educationalevidence.com\\\/ca\\\/yayoi-kusama-explorant-les-fronteres-de-lart\\\/#breadcrumb\"},\"inLanguage\":\"ca\",\"potentialAction\":[{\"@type\":\"ReadAction\",\"target\":[\"https:\\\/\\\/educationalevidence.com\\\/ca\\\/yayoi-kusama-explorant-les-fronteres-de-lart\\\/\"]}]},{\"@type\":\"ImageObject\",\"inLanguage\":\"ca\",\"@id\":\"https:\\\/\\\/educationalevidence.com\\\/ca\\\/yayoi-kusama-explorant-les-fronteres-de-lart\\\/#primaryimage\",\"url\":\"https:\\\/\\\/educationalevidence.com\\\/wp-content\\\/uploads\\\/2024\\\/09\\\/Yayoi_Kusama_wax_model_at_Louis_Vitton.jpg\",\"contentUrl\":\"https:\\\/\\\/educationalevidence.com\\\/wp-content\\\/uploads\\\/2024\\\/09\\\/Yayoi_Kusama_wax_model_at_Louis_Vitton.jpg\",\"width\":800,\"height\":1067,\"caption\":\"(Taken with my mobile phone.)\"},{\"@type\":\"BreadcrumbList\",\"@id\":\"https:\\\/\\\/educationalevidence.com\\\/ca\\\/yayoi-kusama-explorant-les-fronteres-de-lart\\\/#breadcrumb\",\"itemListElement\":[{\"@type\":\"ListItem\",\"position\":1,\"name\":\"Portada\",\"item\":\"https:\\\/\\\/educationalevidence.com\\\/ca\\\/\"},{\"@type\":\"ListItem\",\"position\":2,\"name\":\"Yayoi Kusama: Explorant les Fronteres de l\u2019Art\"}]},{\"@type\":\"WebSite\",\"@id\":\"https:\\\/\\\/educationalevidence.com\\\/ca\\\/#website\",\"url\":\"https:\\\/\\\/educationalevidence.com\\\/ca\\\/\",\"name\":\"Educational Evidence\",\"description\":\"\",\"publisher\":{\"@id\":\"https:\\\/\\\/educationalevidence.com\\\/ca\\\/#organization\"},\"potentialAction\":[{\"@type\":\"SearchAction\",\"target\":{\"@type\":\"EntryPoint\",\"urlTemplate\":\"https:\\\/\\\/educationalevidence.com\\\/ca\\\/?s={search_term_string}\"},\"query-input\":{\"@type\":\"PropertyValueSpecification\",\"valueRequired\":true,\"valueName\":\"search_term_string\"}}],\"inLanguage\":\"ca\"},{\"@type\":\"Organization\",\"@id\":\"https:\\\/\\\/educationalevidence.com\\\/ca\\\/#organization\",\"name\":\"Educational Evidence\",\"url\":\"https:\\\/\\\/educationalevidence.com\\\/ca\\\/\",\"logo\":{\"@type\":\"ImageObject\",\"inLanguage\":\"ca\",\"@id\":\"https:\\\/\\\/educationalevidence.com\\\/ca\\\/#\\\/schema\\\/logo\\\/image\\\/\",\"url\":\"https:\\\/\\\/educationalevidence.com\\\/wp-content\\\/uploads\\\/2023\\\/07\\\/educational_evidence_logo_horitzontal_blanc_negatiu.png\",\"contentUrl\":\"https:\\\/\\\/educationalevidence.com\\\/wp-content\\\/uploads\\\/2023\\\/07\\\/educational_evidence_logo_horitzontal_blanc_negatiu.png\",\"width\":3508,\"height\":1090,\"caption\":\"Educational Evidence\"},\"image\":{\"@id\":\"https:\\\/\\\/educationalevidence.com\\\/ca\\\/#\\\/schema\\\/logo\\\/image\\\/\"}},{\"@type\":\"Person\",\"@id\":\"https:\\\/\\\/educationalevidence.com\\\/ca\\\/#\\\/schema\\\/person\\\/91a8797f56f6a2e7ba6fd6297739bbf1\",\"name\":\"educational EVIDENCE\",\"image\":{\"@type\":\"ImageObject\",\"inLanguage\":\"ca\",\"@id\":\"https:\\\/\\\/educationalevidence.com\\\/wp-content\\\/litespeed\\\/avatar\\\/e9888a11dc51b117a0209ebd4a5f884d.jpg?ver=1777453195\",\"url\":\"https:\\\/\\\/educationalevidence.com\\\/wp-content\\\/litespeed\\\/avatar\\\/e9888a11dc51b117a0209ebd4a5f884d.jpg?ver=1777453195\",\"contentUrl\":\"https:\\\/\\\/educationalevidence.com\\\/wp-content\\\/litespeed\\\/avatar\\\/e9888a11dc51b117a0209ebd4a5f884d.jpg?ver=1777453195\",\"caption\":\"educational EVIDENCE\"},\"sameAs\":[\"https:\\\/\\\/educationalevidence.com\\\/\"],\"url\":\"\"}]}<\/script>\n<!-- \/ Yoast SEO plugin. -->","yoast_head_json":{"title":"Yayoi Kusama: Explorant les Fronteres de l\u2019Art - Educational Evidence","description":"La interacci\u00f3 cultural entre Orient i Occident ha representat una font inesgotable d\u2019inspiraci\u00f3 i transformaci\u00f3 en el m\u00f3n de la cultura i de l\u2019art al llarg de la hist\u00f2ria. Aquest intercanvi, definit per l\u2019antrop\u00f2leg argent\u00ed N\u00e9stor Garc\u00eda Canclini com el proc\u00e9s de fusi\u00f3 entre dues cultures diferents que dona lloc a noves formes h\u00edbrides, s\u2019ha intensificat amb l\u2019arribada de la globalitzaci\u00f3 propiciada per la tecnologia a escala mundial.","robots":{"index":"index","follow":"follow","max-snippet":"max-snippet:-1","max-image-preview":"max-image-preview:large","max-video-preview":"max-video-preview:-1"},"canonical":"https:\/\/educationalevidence.com\/ca\/yayoi-kusama-explorant-les-fronteres-de-lart\/","og_locale":"ca_ES","og_type":"article","og_title":"Yayoi Kusama: Explorant les Fronteres de l\u2019Art - Educational Evidence","og_description":"La interacci\u00f3 cultural entre Orient i Occident ha representat una font inesgotable d\u2019inspiraci\u00f3 i transformaci\u00f3 en el m\u00f3n de la cultura i de l\u2019art al llarg de la hist\u00f2ria. Aquest intercanvi, definit per l\u2019antrop\u00f2leg argent\u00ed N\u00e9stor Garc\u00eda Canclini com el proc\u00e9s de fusi\u00f3 entre dues cultures diferents que dona lloc a noves formes h\u00edbrides, s\u2019ha intensificat amb l\u2019arribada de la globalitzaci\u00f3 propiciada per la tecnologia a escala mundial.","og_url":"https:\/\/educationalevidence.com\/ca\/yayoi-kusama-explorant-les-fronteres-de-lart\/","og_site_name":"Educational Evidence","article_published_time":"2024-09-17T17:21:56+00:00","article_modified_time":"2024-10-01T10:39:34+00:00","og_image":[{"width":800,"height":1067,"url":"https:\/\/educationalevidence.com\/wp-content\/uploads\/2024\/09\/Yayoi_Kusama_wax_model_at_Louis_Vitton.jpg","type":"image\/jpeg"}],"author":"educational EVIDENCE","twitter_card":"summary_large_image","twitter_misc":{"Escrit per":"Marta Ferr\u00e9","Temps estimat de lectura":"7 minuts"},"schema":{"@context":"https:\/\/schema.org","@graph":[{"@type":"Article","@id":"https:\/\/educationalevidence.com\/ca\/yayoi-kusama-explorant-les-fronteres-de-lart\/#article","isPartOf":{"@id":"https:\/\/educationalevidence.com\/ca\/yayoi-kusama-explorant-les-fronteres-de-lart\/"},"author":{"name":"educational EVIDENCE","@id":"https:\/\/educationalevidence.com\/ca\/#\/schema\/person\/91a8797f56f6a2e7ba6fd6297739bbf1"},"headline":"Yayoi Kusama: Explorant les Fronteres de l\u2019Art","datePublished":"2024-09-17T17:21:56+00:00","dateModified":"2024-10-01T10:39:34+00:00","mainEntityOfPage":{"@id":"https:\/\/educationalevidence.com\/ca\/yayoi-kusama-explorant-les-fronteres-de-lart\/"},"wordCount":1530,"commentCount":0,"publisher":{"@id":"https:\/\/educationalevidence.com\/ca\/#organization"},"image":{"@id":"https:\/\/educationalevidence.com\/ca\/yayoi-kusama-explorant-les-fronteres-de-lart\/#primaryimage"},"thumbnailUrl":"https:\/\/educationalevidence.com\/wp-content\/uploads\/2024\/09\/Yayoi_Kusama_wax_model_at_Louis_Vitton.jpg","keywords":["Yayoi Kusama"],"articleSection":["Humanitats"],"inLanguage":"ca","potentialAction":[{"@type":"CommentAction","name":"Comment","target":["https:\/\/educationalevidence.com\/ca\/yayoi-kusama-explorant-les-fronteres-de-lart\/#respond"]}]},{"@type":"WebPage","@id":"https:\/\/educationalevidence.com\/ca\/yayoi-kusama-explorant-les-fronteres-de-lart\/","url":"https:\/\/educationalevidence.com\/ca\/yayoi-kusama-explorant-les-fronteres-de-lart\/","name":"Yayoi Kusama: Explorant les Fronteres de l\u2019Art - Educational Evidence","isPartOf":{"@id":"https:\/\/educationalevidence.com\/ca\/#website"},"primaryImageOfPage":{"@id":"https:\/\/educationalevidence.com\/ca\/yayoi-kusama-explorant-les-fronteres-de-lart\/#primaryimage"},"image":{"@id":"https:\/\/educationalevidence.com\/ca\/yayoi-kusama-explorant-les-fronteres-de-lart\/#primaryimage"},"thumbnailUrl":"https:\/\/educationalevidence.com\/wp-content\/uploads\/2024\/09\/Yayoi_Kusama_wax_model_at_Louis_Vitton.jpg","datePublished":"2024-09-17T17:21:56+00:00","dateModified":"2024-10-01T10:39:34+00:00","description":"La interacci\u00f3 cultural entre Orient i Occident ha representat una font inesgotable d\u2019inspiraci\u00f3 i transformaci\u00f3 en el m\u00f3n de la cultura i de l\u2019art al llarg de la hist\u00f2ria. Aquest intercanvi, definit per l\u2019antrop\u00f2leg argent\u00ed N\u00e9stor Garc\u00eda Canclini com el proc\u00e9s de fusi\u00f3 entre dues cultures diferents que dona lloc a noves formes h\u00edbrides, s\u2019ha intensificat amb l\u2019arribada de la globalitzaci\u00f3 propiciada per la tecnologia a escala mundial.","breadcrumb":{"@id":"https:\/\/educationalevidence.com\/ca\/yayoi-kusama-explorant-les-fronteres-de-lart\/#breadcrumb"},"inLanguage":"ca","potentialAction":[{"@type":"ReadAction","target":["https:\/\/educationalevidence.com\/ca\/yayoi-kusama-explorant-les-fronteres-de-lart\/"]}]},{"@type":"ImageObject","inLanguage":"ca","@id":"https:\/\/educationalevidence.com\/ca\/yayoi-kusama-explorant-les-fronteres-de-lart\/#primaryimage","url":"https:\/\/educationalevidence.com\/wp-content\/uploads\/2024\/09\/Yayoi_Kusama_wax_model_at_Louis_Vitton.jpg","contentUrl":"https:\/\/educationalevidence.com\/wp-content\/uploads\/2024\/09\/Yayoi_Kusama_wax_model_at_Louis_Vitton.jpg","width":800,"height":1067,"caption":"(Taken with my mobile phone.)"},{"@type":"BreadcrumbList","@id":"https:\/\/educationalevidence.com\/ca\/yayoi-kusama-explorant-les-fronteres-de-lart\/#breadcrumb","itemListElement":[{"@type":"ListItem","position":1,"name":"Portada","item":"https:\/\/educationalevidence.com\/ca\/"},{"@type":"ListItem","position":2,"name":"Yayoi Kusama: Explorant les Fronteres de l\u2019Art"}]},{"@type":"WebSite","@id":"https:\/\/educationalevidence.com\/ca\/#website","url":"https:\/\/educationalevidence.com\/ca\/","name":"Educational Evidence","description":"","publisher":{"@id":"https:\/\/educationalevidence.com\/ca\/#organization"},"potentialAction":[{"@type":"SearchAction","target":{"@type":"EntryPoint","urlTemplate":"https:\/\/educationalevidence.com\/ca\/?s={search_term_string}"},"query-input":{"@type":"PropertyValueSpecification","valueRequired":true,"valueName":"search_term_string"}}],"inLanguage":"ca"},{"@type":"Organization","@id":"https:\/\/educationalevidence.com\/ca\/#organization","name":"Educational Evidence","url":"https:\/\/educationalevidence.com\/ca\/","logo":{"@type":"ImageObject","inLanguage":"ca","@id":"https:\/\/educationalevidence.com\/ca\/#\/schema\/logo\/image\/","url":"https:\/\/educationalevidence.com\/wp-content\/uploads\/2023\/07\/educational_evidence_logo_horitzontal_blanc_negatiu.png","contentUrl":"https:\/\/educationalevidence.com\/wp-content\/uploads\/2023\/07\/educational_evidence_logo_horitzontal_blanc_negatiu.png","width":3508,"height":1090,"caption":"Educational Evidence"},"image":{"@id":"https:\/\/educationalevidence.com\/ca\/#\/schema\/logo\/image\/"}},{"@type":"Person","@id":"https:\/\/educationalevidence.com\/ca\/#\/schema\/person\/91a8797f56f6a2e7ba6fd6297739bbf1","name":"educational EVIDENCE","image":{"@type":"ImageObject","inLanguage":"ca","@id":"https:\/\/educationalevidence.com\/wp-content\/litespeed\/avatar\/e9888a11dc51b117a0209ebd4a5f884d.jpg?ver=1777453195","url":"https:\/\/educationalevidence.com\/wp-content\/litespeed\/avatar\/e9888a11dc51b117a0209ebd4a5f884d.jpg?ver=1777453195","contentUrl":"https:\/\/educationalevidence.com\/wp-content\/litespeed\/avatar\/e9888a11dc51b117a0209ebd4a5f884d.jpg?ver=1777453195","caption":"educational EVIDENCE"},"sameAs":["https:\/\/educationalevidence.com\/"],"url":""}]}},"_links":{"self":[{"href":"https:\/\/educationalevidence.com\/ca\/wp-json\/wp\/v2\/posts\/19721","targetHints":{"allow":["GET"]}}],"collection":[{"href":"https:\/\/educationalevidence.com\/ca\/wp-json\/wp\/v2\/posts"}],"about":[{"href":"https:\/\/educationalevidence.com\/ca\/wp-json\/wp\/v2\/types\/post"}],"author":[{"embeddable":true,"href":"https:\/\/educationalevidence.com\/ca\/wp-json\/wp\/v2\/users\/4"}],"replies":[{"embeddable":true,"href":"https:\/\/educationalevidence.com\/ca\/wp-json\/wp\/v2\/comments?post=19721"}],"version-history":[{"count":4,"href":"https:\/\/educationalevidence.com\/ca\/wp-json\/wp\/v2\/posts\/19721\/revisions"}],"predecessor-version":[{"id":20234,"href":"https:\/\/educationalevidence.com\/ca\/wp-json\/wp\/v2\/posts\/19721\/revisions\/20234"}],"wp:featuredmedia":[{"embeddable":true,"href":"https:\/\/educationalevidence.com\/ca\/wp-json\/wp\/v2\/media\/19656"}],"wp:attachment":[{"href":"https:\/\/educationalevidence.com\/ca\/wp-json\/wp\/v2\/media?parent=19721"}],"wp:term":[{"taxonomy":"category","embeddable":true,"href":"https:\/\/educationalevidence.com\/ca\/wp-json\/wp\/v2\/categories?post=19721"},{"taxonomy":"post_tag","embeddable":true,"href":"https:\/\/educationalevidence.com\/ca\/wp-json\/wp\/v2\/tags?post=19721"}],"curies":[{"name":"wp","href":"https:\/\/api.w.org\/{rel}","templated":true}]}}