{"id":18753,"date":"2024-09-12T16:49:32","date_gmt":"2024-09-12T14:49:32","guid":{"rendered":"https:\/\/educationalevidence.com\/?p=18753"},"modified":"2024-09-12T16:50:40","modified_gmt":"2024-09-12T14:50:40","slug":"leccion-magistral-llico-magistral","status":"publish","type":"post","link":"https:\/\/educationalevidence.com\/ca\/leccion-magistral-llico-magistral\/","title":{"rendered":"Lecci\u00f3n magistral"},"content":{"rendered":"<h1>Lecci\u00f3n magistral<\/h1>\n<p>Un assaig sobre all\u00f2 b\u00e0sic, pr\u00e0ctic i \u00fatil per a qui vulgui ser un culte estudiant<\/p>\n<figure id=\"attachment_18748\" aria-describedby=\"caption-attachment-18748\" style=\"width: 371px\" class=\"wp-caption aligncenter\"><img fetchpriority=\"high\" decoding=\"async\" class=\"size-full wp-image-18748\" src=\"https:\/\/educationalevidence.com\/wp-content\/uploads\/2024\/08\/Leccion_magistral_500.jpg\" alt=\"\" width=\"371\" height=\"595\" srcset=\"https:\/\/educationalevidence.com\/wp-content\/uploads\/2024\/08\/Leccion_magistral_500.jpg 371w, https:\/\/educationalevidence.com\/wp-content\/uploads\/2024\/08\/Leccion_magistral_500-187x300.jpg 187w\" sizes=\"(max-width: 371px) 100vw, 371px\" \/><figcaption id=\"caption-attachment-18748\" class=\"wp-caption-text\">Plataforma Editorial<span style=\"font-size: 16px;\">\u00a0<\/span><\/figcaption><\/figure>\n<p><a style=\"display: inline-block;\" href=\"https:\/\/creativecommons.org\/licenses\/by-nc-nd\/4.0\/deed.ca\" target=\"_blank\" rel=\"license noopener noreferrer\">Llic\u00e8ncia Creative Commons<img decoding=\"async\" style=\"height: 22px!important; margin-left: 3px; vertical-align: text-bottom;\" src=\"https:\/\/mirrors.creativecommons.org\/presskit\/icons\/cc.svg?ref=chooser-v1\" \/><img decoding=\"async\" style=\"height: 22px!important; margin-left: 3px; vertical-align: text-bottom;\" src=\"https:\/\/mirrors.creativecommons.org\/presskit\/icons\/by.svg?ref=chooser-v1\" \/><img decoding=\"async\" style=\"height: 22px!important; margin-left: 3px; vertical-align: text-bottom;\" src=\"https:\/\/mirrors.creativecommons.org\/presskit\/icons\/nc.svg?ref=chooser-v1\" \/><img decoding=\"async\" style=\"height: 22px!important; margin-left: 3px; vertical-align: text-bottom;\" src=\"https:\/\/mirrors.creativecommons.org\/presskit\/icons\/nd.svg?ref=chooser-v1\" \/><\/a><\/p>\n<p><img decoding=\"async\" class=\"wp-image-14927 alignleft entered litespeed-loaded\" src=\"https:\/\/educationalevidence.com\/wp-content\/uploads\/2024\/04\/David-Rabada-1.jpg\" alt=\"\" width=\"70\" height=\"92\" data-lazyloaded=\"1\" data-src=\"https:\/\/educationalevidence.com\/wp-content\/uploads\/2024\/04\/David-Rabada-1.jpg\" data-ll-status=\"loaded\" \/><\/p>\n<p>&nbsp;<\/p>\n<p><a href=\"https:\/\/twitter.com\/DAVIDRABADA\" target=\"_blank\" rel=\"noopener\"><strong>David Rabad\u00e0<\/strong><\/a><\/p>\n<p>&nbsp;<\/p>\n<p><em>Lecci\u00f3n magistral<\/em> (Lli\u00e7\u00f3 Magistral) \u00e9s un assaig sobre all\u00f2 b\u00e0sic, pr\u00e0ctic i \u00fatil per a qui vulgui ser un culte estudiant. D&#8217;altra banda, i pel que fa a l&#8217;educaci\u00f3 nacional, aquest llibre es converteix en un mirall per a les madrastres de Blancaneu. La idea del llibre va sorgir d&#8217;una xerrada que <strong>Luis Alberto de Cuenca<\/strong> va pronunciar davant d&#8217;un auditori de joves estudiants a la sala d&#8217;un hotel madrileny. La xerrada es va transcriure acuradament i, un cop corregida per l&#8217;autor, es va convertir en aquest assaig on l&#8217;autor juga amb el seu gran bagatge de coneixements per a demostrar amb dades contrastades les raons filos\u00f2fiques davant les desraons pedag\u00f2giques. De fet, esdev\u00e9 gaireb\u00e9 un home del Renaixement, un defensor de la Il\u00b7lustraci\u00f3 i un Rom\u00e0ntic del bon ensenyament. Ja a les primeres p\u00e0gines posa en evid\u00e8ncia cert complex d&#8217;inferioritat nacional que empeny la nostra pol\u00edtica a plagiar l&#8217;estranger com a millor. \u00c9s a dir, i sense contrastar la hist\u00f2ria i el present, a l&#8217;educaci\u00f3 s&#8217;adopten modes buides, innovacions falses i teories equivocades que en altres pa\u00efsos han fracassat. I aix\u00f2 ja passava, no nom\u00e9s a la democr\u00e0cia com alguns pensen, sin\u00f3 als seixanta durant el franquisme.<\/p>\n<p>En tot aix\u00f2, i exemples que m\u00e0cil\u00b7len avui dia el nostre sistema educatiu s\u00f3n la reducci\u00f3 de tots els curr\u00edculums en totes les mat\u00e8ries; l&#8217;eliminaci\u00f3 de l&#8217;activitat memor\u00edstica a l&#8217;estudi; la substituci\u00f3 de la nostra ment, i igual que pretenien els lerdos del XIX amb les enciclop\u00e8dies, per Internet; la creen\u00e7a que tothom pot opinar amb encert, fins i tot el m\u00e9s obt\u00fas, inexpert o mancat de formaci\u00f3; i finalment la plena ignor\u00e0ncia en la cultura general m\u00e9s b\u00e0sica en temes com geografia, hist\u00f2ria i ci\u00e8ncies experimentals. Totes aquestes i altres xacres llasten el nostre sistema educatiu amb tra\u00efdoria i premeditaci\u00f3. Aix\u00ed ho demostra aquest fil\u00f2sof amb multitud de sent\u00e8ncies que sonen gaireb\u00e9 a proverbis, un corol\u00b7lari de preceptes que tot estudiant, anhel\u00f3s d&#8217;esdevenir culte, hauria d&#8217;escoltar profundament. La cultura \u00e9s una i indivisible, i tot \u00e9s digne de ser estudiat amb el mateix afany. Les conseq\u00fc\u00e8ncies en la vida d\u201faquest tipus de reflexions s\u00f3n sempre ben\u00e8fiques i ajuden a millorar i a fer m\u00e9s habitable l\u201fexist\u00e8ncia. En fi, aquest llibre \u00e9s tota una lli\u00e7\u00f3 magistral ara que aquesta, la magistral, est\u00e0 sent bandejada de les nostres aules a base de cursos pedag\u00f2gics que s\u00ed que l&#8217;apliquen per difondre les seves desraons.<\/p>\n<p>&nbsp;<\/p>\n<p><strong>Luis Alberto de Cuenca<\/strong> \u00e9s Doctor en Filologia Cl\u00e0ssica i Professor de Recerca del CSIC. Fou director de la Biblioteca Nacional i Secretari d&#8217;Estat de Cultura. Ha escrit i publicat molts llibres de poesia, assaig i erudici\u00f3, i ha obtingut amb la seva tasca com a poeta, investigador i traductor premis com el de la Cr\u00edtica, el Nacional de Traducci\u00f3, el de Literatura de la Comunitat de Madrid o el Juli\u00e1n Mar\u00edas d&#8217;Investigaci\u00f3 en Humanitats. Per\u00f2, sobre totes les coses, es considera un addicte a la cultura tant a nivell de lletres, arts i ci\u00e8ncies com una persona que creu sense embuts en els seus valors terap\u00e8utics.<\/p>\n<hr \/>\n<p>Font:\u00a0<strong>educational EVIDENCE<\/strong><\/p>\n<p>Drets:\u00a0<strong>Creative Commons<\/strong><\/p>\n","protected":false},"excerpt":{"rendered":"<p>Lecci\u00f3n magistral (Lli\u00e7\u00f3 Magistral) \u00e9s un assaig sobre all\u00f2 b\u00e0sic, pr\u00e0ctic i \u00fatil per a qui vulgui ser un culte estudiant. D&#8217;altra banda, i pel que fa a l&#8217;educaci\u00f3 nacional, aquest llibre es converteix en un mirall per a les madrastres de Blancaneu. La idea del llibre va sorgir d&#8217;una xerrada que Luis Alberto de Cuenca va pronunciar davant d&#8217;un auditori de joves estudiants a la sala d&#8217;un hotel madrileny.<\/p>\n","protected":false},"author":4,"featured_media":18748,"comment_status":"open","ping_status":"open","sticky":false,"template":"","format":"standard","meta":{"_FSMCFIC_featured_image_caption":"","_FSMCFIC_featured_image_nocaption":"1","_FSMCFIC_featured_image_hide":"","footnotes":""},"categories":[238],"tags":[1579,1578],"class_list":["post-18753","post","type-post","status-publish","format-standard","has-post-thumbnail","hentry","category-llibres","tag-leccion-magistral-ca","tag-luis-alberto-de-cuenca-ca"],"yoast_head":"<!-- This site is optimized with the Yoast SEO plugin v27.5 - https:\/\/yoast.com\/product\/yoast-seo-wordpress\/ -->\n<title>Lecci\u00f3n magistral - Educational Evidence<\/title>\n<meta name=\"description\" content=\"Lecci\u00f3n magistral (Lli\u00e7\u00f3 Magistral) \u00e9s un assaig sobre all\u00f2 b\u00e0sic, pr\u00e0ctic i \u00fatil per a qui vulgui ser un culte estudiant. D&#039;altra banda, i pel que fa a l&#039;educaci\u00f3 nacional, aquest llibre es converteix en un mirall per a les madrastres de Blancaneu. La idea del llibre va sorgir d&#039;una xerrada que Luis Alberto de Cuenca va pronunciar davant d&#039;un auditori de joves estudiants a la sala d&#039;un hotel madrileny.\" \/>\n<meta name=\"robots\" content=\"index, follow, max-snippet:-1, max-image-preview:large, max-video-preview:-1\" \/>\n<link rel=\"canonical\" href=\"https:\/\/educationalevidence.com\/ca\/leccion-magistral-llico-magistral\/\" \/>\n<meta property=\"og:locale\" content=\"ca_ES\" \/>\n<meta property=\"og:type\" content=\"article\" \/>\n<meta property=\"og:title\" content=\"Lecci\u00f3n magistral - Educational Evidence\" \/>\n<meta property=\"og:description\" content=\"Lecci\u00f3n magistral (Lli\u00e7\u00f3 Magistral) \u00e9s un assaig sobre all\u00f2 b\u00e0sic, pr\u00e0ctic i \u00fatil per a qui vulgui ser un culte estudiant. D&#039;altra banda, i pel que fa a l&#039;educaci\u00f3 nacional, aquest llibre es converteix en un mirall per a les madrastres de Blancaneu. La idea del llibre va sorgir d&#039;una xerrada que Luis Alberto de Cuenca va pronunciar davant d&#039;un auditori de joves estudiants a la sala d&#039;un hotel madrileny.\" \/>\n<meta property=\"og:url\" content=\"https:\/\/educationalevidence.com\/ca\/leccion-magistral-llico-magistral\/\" \/>\n<meta property=\"og:site_name\" content=\"Educational Evidence\" \/>\n<meta property=\"article:published_time\" content=\"2024-09-12T14:49:32+00:00\" \/>\n<meta property=\"article:modified_time\" content=\"2024-09-12T14:50:40+00:00\" \/>\n<meta property=\"og:image\" content=\"https:\/\/educationalevidence.com\/wp-content\/uploads\/2024\/08\/Leccion_magistral_500.jpg\" \/>\n\t<meta property=\"og:image:width\" content=\"371\" \/>\n\t<meta property=\"og:image:height\" content=\"595\" \/>\n\t<meta property=\"og:image:type\" content=\"image\/jpeg\" \/>\n<meta name=\"author\" content=\"educational EVIDENCE\" \/>\n<meta name=\"twitter:card\" content=\"summary_large_image\" \/>\n<meta name=\"twitter:label1\" content=\"Escrit per\" \/>\n\t<meta name=\"twitter:data1\" content=\"David Rabad\u00e0 i Vives\" \/>\n\t<meta name=\"twitter:label2\" content=\"Temps estimat de lectura\" \/>\n\t<meta name=\"twitter:data2\" content=\"4 minuts\" \/>\n<script type=\"application\/ld+json\" class=\"yoast-schema-graph\">{\"@context\":\"https:\\\/\\\/schema.org\",\"@graph\":[{\"@type\":\"Article\",\"@id\":\"https:\\\/\\\/educationalevidence.com\\\/ca\\\/leccion-magistral-llico-magistral\\\/#article\",\"isPartOf\":{\"@id\":\"https:\\\/\\\/educationalevidence.com\\\/ca\\\/leccion-magistral-llico-magistral\\\/\"},\"author\":{\"name\":\"educational EVIDENCE\",\"@id\":\"https:\\\/\\\/educationalevidence.com\\\/ca\\\/#\\\/schema\\\/person\\\/91a8797f56f6a2e7ba6fd6297739bbf1\"},\"headline\":\"Lecci\u00f3n magistral\",\"datePublished\":\"2024-09-12T14:49:32+00:00\",\"dateModified\":\"2024-09-12T14:50:40+00:00\",\"mainEntityOfPage\":{\"@id\":\"https:\\\/\\\/educationalevidence.com\\\/ca\\\/leccion-magistral-llico-magistral\\\/\"},\"wordCount\":622,\"commentCount\":0,\"publisher\":{\"@id\":\"https:\\\/\\\/educationalevidence.com\\\/ca\\\/#organization\"},\"image\":{\"@id\":\"https:\\\/\\\/educationalevidence.com\\\/ca\\\/leccion-magistral-llico-magistral\\\/#primaryimage\"},\"thumbnailUrl\":\"https:\\\/\\\/educationalevidence.com\\\/wp-content\\\/uploads\\\/2024\\\/08\\\/Leccion_magistral_500.jpg\",\"keywords\":[\"Lecci\u00f3n magistral\",\"Luis Alberto de Cuenca\"],\"articleSection\":[\"Llibres\"],\"inLanguage\":\"ca\",\"potentialAction\":[{\"@type\":\"CommentAction\",\"name\":\"Comment\",\"target\":[\"https:\\\/\\\/educationalevidence.com\\\/ca\\\/leccion-magistral-llico-magistral\\\/#respond\"]}]},{\"@type\":\"WebPage\",\"@id\":\"https:\\\/\\\/educationalevidence.com\\\/ca\\\/leccion-magistral-llico-magistral\\\/\",\"url\":\"https:\\\/\\\/educationalevidence.com\\\/ca\\\/leccion-magistral-llico-magistral\\\/\",\"name\":\"Lecci\u00f3n magistral - Educational Evidence\",\"isPartOf\":{\"@id\":\"https:\\\/\\\/educationalevidence.com\\\/ca\\\/#website\"},\"primaryImageOfPage\":{\"@id\":\"https:\\\/\\\/educationalevidence.com\\\/ca\\\/leccion-magistral-llico-magistral\\\/#primaryimage\"},\"image\":{\"@id\":\"https:\\\/\\\/educationalevidence.com\\\/ca\\\/leccion-magistral-llico-magistral\\\/#primaryimage\"},\"thumbnailUrl\":\"https:\\\/\\\/educationalevidence.com\\\/wp-content\\\/uploads\\\/2024\\\/08\\\/Leccion_magistral_500.jpg\",\"datePublished\":\"2024-09-12T14:49:32+00:00\",\"dateModified\":\"2024-09-12T14:50:40+00:00\",\"description\":\"Lecci\u00f3n magistral (Lli\u00e7\u00f3 Magistral) \u00e9s un assaig sobre all\u00f2 b\u00e0sic, pr\u00e0ctic i \u00fatil per a qui vulgui ser un culte estudiant. D'altra banda, i pel que fa a l'educaci\u00f3 nacional, aquest llibre es converteix en un mirall per a les madrastres de Blancaneu. La idea del llibre va sorgir d'una xerrada que Luis Alberto de Cuenca va pronunciar davant d'un auditori de joves estudiants a la sala d'un hotel madrileny.\",\"breadcrumb\":{\"@id\":\"https:\\\/\\\/educationalevidence.com\\\/ca\\\/leccion-magistral-llico-magistral\\\/#breadcrumb\"},\"inLanguage\":\"ca\",\"potentialAction\":[{\"@type\":\"ReadAction\",\"target\":[\"https:\\\/\\\/educationalevidence.com\\\/ca\\\/leccion-magistral-llico-magistral\\\/\"]}]},{\"@type\":\"ImageObject\",\"inLanguage\":\"ca\",\"@id\":\"https:\\\/\\\/educationalevidence.com\\\/ca\\\/leccion-magistral-llico-magistral\\\/#primaryimage\",\"url\":\"https:\\\/\\\/educationalevidence.com\\\/wp-content\\\/uploads\\\/2024\\\/08\\\/Leccion_magistral_500.jpg\",\"contentUrl\":\"https:\\\/\\\/educationalevidence.com\\\/wp-content\\\/uploads\\\/2024\\\/08\\\/Leccion_magistral_500.jpg\",\"width\":371,\"height\":595,\"caption\":\"Plataforma\"},{\"@type\":\"BreadcrumbList\",\"@id\":\"https:\\\/\\\/educationalevidence.com\\\/ca\\\/leccion-magistral-llico-magistral\\\/#breadcrumb\",\"itemListElement\":[{\"@type\":\"ListItem\",\"position\":1,\"name\":\"Portada\",\"item\":\"https:\\\/\\\/educationalevidence.com\\\/ca\\\/\"},{\"@type\":\"ListItem\",\"position\":2,\"name\":\"Lecci\u00f3n magistral\"}]},{\"@type\":\"WebSite\",\"@id\":\"https:\\\/\\\/educationalevidence.com\\\/ca\\\/#website\",\"url\":\"https:\\\/\\\/educationalevidence.com\\\/ca\\\/\",\"name\":\"Educational Evidence\",\"description\":\"\",\"publisher\":{\"@id\":\"https:\\\/\\\/educationalevidence.com\\\/ca\\\/#organization\"},\"potentialAction\":[{\"@type\":\"SearchAction\",\"target\":{\"@type\":\"EntryPoint\",\"urlTemplate\":\"https:\\\/\\\/educationalevidence.com\\\/ca\\\/?s={search_term_string}\"},\"query-input\":{\"@type\":\"PropertyValueSpecification\",\"valueRequired\":true,\"valueName\":\"search_term_string\"}}],\"inLanguage\":\"ca\"},{\"@type\":\"Organization\",\"@id\":\"https:\\\/\\\/educationalevidence.com\\\/ca\\\/#organization\",\"name\":\"Educational Evidence\",\"url\":\"https:\\\/\\\/educationalevidence.com\\\/ca\\\/\",\"logo\":{\"@type\":\"ImageObject\",\"inLanguage\":\"ca\",\"@id\":\"https:\\\/\\\/educationalevidence.com\\\/ca\\\/#\\\/schema\\\/logo\\\/image\\\/\",\"url\":\"https:\\\/\\\/educationalevidence.com\\\/wp-content\\\/uploads\\\/2023\\\/07\\\/educational_evidence_logo_horitzontal_blanc_negatiu.png\",\"contentUrl\":\"https:\\\/\\\/educationalevidence.com\\\/wp-content\\\/uploads\\\/2023\\\/07\\\/educational_evidence_logo_horitzontal_blanc_negatiu.png\",\"width\":3508,\"height\":1090,\"caption\":\"Educational Evidence\"},\"image\":{\"@id\":\"https:\\\/\\\/educationalevidence.com\\\/ca\\\/#\\\/schema\\\/logo\\\/image\\\/\"}},{\"@type\":\"Person\",\"@id\":\"https:\\\/\\\/educationalevidence.com\\\/ca\\\/#\\\/schema\\\/person\\\/91a8797f56f6a2e7ba6fd6297739bbf1\",\"name\":\"educational EVIDENCE\",\"image\":{\"@type\":\"ImageObject\",\"inLanguage\":\"ca\",\"@id\":\"https:\\\/\\\/educationalevidence.com\\\/wp-content\\\/litespeed\\\/avatar\\\/e9888a11dc51b117a0209ebd4a5f884d.jpg?ver=1777453195\",\"url\":\"https:\\\/\\\/educationalevidence.com\\\/wp-content\\\/litespeed\\\/avatar\\\/e9888a11dc51b117a0209ebd4a5f884d.jpg?ver=1777453195\",\"contentUrl\":\"https:\\\/\\\/educationalevidence.com\\\/wp-content\\\/litespeed\\\/avatar\\\/e9888a11dc51b117a0209ebd4a5f884d.jpg?ver=1777453195\",\"caption\":\"educational EVIDENCE\"},\"sameAs\":[\"https:\\\/\\\/educationalevidence.com\\\/\"],\"url\":\"\"}]}<\/script>\n<!-- \/ Yoast SEO plugin. -->","yoast_head_json":{"title":"Lecci\u00f3n magistral - Educational Evidence","description":"Lecci\u00f3n magistral (Lli\u00e7\u00f3 Magistral) \u00e9s un assaig sobre all\u00f2 b\u00e0sic, pr\u00e0ctic i \u00fatil per a qui vulgui ser un culte estudiant. D'altra banda, i pel que fa a l'educaci\u00f3 nacional, aquest llibre es converteix en un mirall per a les madrastres de Blancaneu. La idea del llibre va sorgir d'una xerrada que Luis Alberto de Cuenca va pronunciar davant d'un auditori de joves estudiants a la sala d'un hotel madrileny.","robots":{"index":"index","follow":"follow","max-snippet":"max-snippet:-1","max-image-preview":"max-image-preview:large","max-video-preview":"max-video-preview:-1"},"canonical":"https:\/\/educationalevidence.com\/ca\/leccion-magistral-llico-magistral\/","og_locale":"ca_ES","og_type":"article","og_title":"Lecci\u00f3n magistral - Educational Evidence","og_description":"Lecci\u00f3n magistral (Lli\u00e7\u00f3 Magistral) \u00e9s un assaig sobre all\u00f2 b\u00e0sic, pr\u00e0ctic i \u00fatil per a qui vulgui ser un culte estudiant. D'altra banda, i pel que fa a l'educaci\u00f3 nacional, aquest llibre es converteix en un mirall per a les madrastres de Blancaneu. La idea del llibre va sorgir d'una xerrada que Luis Alberto de Cuenca va pronunciar davant d'un auditori de joves estudiants a la sala d'un hotel madrileny.","og_url":"https:\/\/educationalevidence.com\/ca\/leccion-magistral-llico-magistral\/","og_site_name":"Educational Evidence","article_published_time":"2024-09-12T14:49:32+00:00","article_modified_time":"2024-09-12T14:50:40+00:00","og_image":[{"width":371,"height":595,"url":"https:\/\/educationalevidence.com\/wp-content\/uploads\/2024\/08\/Leccion_magistral_500.jpg","type":"image\/jpeg"}],"author":"educational EVIDENCE","twitter_card":"summary_large_image","twitter_misc":{"Escrit per":"David Rabad\u00e0 i Vives","Temps estimat de lectura":"4 minuts"},"schema":{"@context":"https:\/\/schema.org","@graph":[{"@type":"Article","@id":"https:\/\/educationalevidence.com\/ca\/leccion-magistral-llico-magistral\/#article","isPartOf":{"@id":"https:\/\/educationalevidence.com\/ca\/leccion-magistral-llico-magistral\/"},"author":{"name":"educational EVIDENCE","@id":"https:\/\/educationalevidence.com\/ca\/#\/schema\/person\/91a8797f56f6a2e7ba6fd6297739bbf1"},"headline":"Lecci\u00f3n magistral","datePublished":"2024-09-12T14:49:32+00:00","dateModified":"2024-09-12T14:50:40+00:00","mainEntityOfPage":{"@id":"https:\/\/educationalevidence.com\/ca\/leccion-magistral-llico-magistral\/"},"wordCount":622,"commentCount":0,"publisher":{"@id":"https:\/\/educationalevidence.com\/ca\/#organization"},"image":{"@id":"https:\/\/educationalevidence.com\/ca\/leccion-magistral-llico-magistral\/#primaryimage"},"thumbnailUrl":"https:\/\/educationalevidence.com\/wp-content\/uploads\/2024\/08\/Leccion_magistral_500.jpg","keywords":["Lecci\u00f3n magistral","Luis Alberto de Cuenca"],"articleSection":["Llibres"],"inLanguage":"ca","potentialAction":[{"@type":"CommentAction","name":"Comment","target":["https:\/\/educationalevidence.com\/ca\/leccion-magistral-llico-magistral\/#respond"]}]},{"@type":"WebPage","@id":"https:\/\/educationalevidence.com\/ca\/leccion-magistral-llico-magistral\/","url":"https:\/\/educationalevidence.com\/ca\/leccion-magistral-llico-magistral\/","name":"Lecci\u00f3n magistral - Educational Evidence","isPartOf":{"@id":"https:\/\/educationalevidence.com\/ca\/#website"},"primaryImageOfPage":{"@id":"https:\/\/educationalevidence.com\/ca\/leccion-magistral-llico-magistral\/#primaryimage"},"image":{"@id":"https:\/\/educationalevidence.com\/ca\/leccion-magistral-llico-magistral\/#primaryimage"},"thumbnailUrl":"https:\/\/educationalevidence.com\/wp-content\/uploads\/2024\/08\/Leccion_magistral_500.jpg","datePublished":"2024-09-12T14:49:32+00:00","dateModified":"2024-09-12T14:50:40+00:00","description":"Lecci\u00f3n magistral (Lli\u00e7\u00f3 Magistral) \u00e9s un assaig sobre all\u00f2 b\u00e0sic, pr\u00e0ctic i \u00fatil per a qui vulgui ser un culte estudiant. D'altra banda, i pel que fa a l'educaci\u00f3 nacional, aquest llibre es converteix en un mirall per a les madrastres de Blancaneu. La idea del llibre va sorgir d'una xerrada que Luis Alberto de Cuenca va pronunciar davant d'un auditori de joves estudiants a la sala d'un hotel madrileny.","breadcrumb":{"@id":"https:\/\/educationalevidence.com\/ca\/leccion-magistral-llico-magistral\/#breadcrumb"},"inLanguage":"ca","potentialAction":[{"@type":"ReadAction","target":["https:\/\/educationalevidence.com\/ca\/leccion-magistral-llico-magistral\/"]}]},{"@type":"ImageObject","inLanguage":"ca","@id":"https:\/\/educationalevidence.com\/ca\/leccion-magistral-llico-magistral\/#primaryimage","url":"https:\/\/educationalevidence.com\/wp-content\/uploads\/2024\/08\/Leccion_magistral_500.jpg","contentUrl":"https:\/\/educationalevidence.com\/wp-content\/uploads\/2024\/08\/Leccion_magistral_500.jpg","width":371,"height":595,"caption":"Plataforma"},{"@type":"BreadcrumbList","@id":"https:\/\/educationalevidence.com\/ca\/leccion-magistral-llico-magistral\/#breadcrumb","itemListElement":[{"@type":"ListItem","position":1,"name":"Portada","item":"https:\/\/educationalevidence.com\/ca\/"},{"@type":"ListItem","position":2,"name":"Lecci\u00f3n magistral"}]},{"@type":"WebSite","@id":"https:\/\/educationalevidence.com\/ca\/#website","url":"https:\/\/educationalevidence.com\/ca\/","name":"Educational Evidence","description":"","publisher":{"@id":"https:\/\/educationalevidence.com\/ca\/#organization"},"potentialAction":[{"@type":"SearchAction","target":{"@type":"EntryPoint","urlTemplate":"https:\/\/educationalevidence.com\/ca\/?s={search_term_string}"},"query-input":{"@type":"PropertyValueSpecification","valueRequired":true,"valueName":"search_term_string"}}],"inLanguage":"ca"},{"@type":"Organization","@id":"https:\/\/educationalevidence.com\/ca\/#organization","name":"Educational Evidence","url":"https:\/\/educationalevidence.com\/ca\/","logo":{"@type":"ImageObject","inLanguage":"ca","@id":"https:\/\/educationalevidence.com\/ca\/#\/schema\/logo\/image\/","url":"https:\/\/educationalevidence.com\/wp-content\/uploads\/2023\/07\/educational_evidence_logo_horitzontal_blanc_negatiu.png","contentUrl":"https:\/\/educationalevidence.com\/wp-content\/uploads\/2023\/07\/educational_evidence_logo_horitzontal_blanc_negatiu.png","width":3508,"height":1090,"caption":"Educational Evidence"},"image":{"@id":"https:\/\/educationalevidence.com\/ca\/#\/schema\/logo\/image\/"}},{"@type":"Person","@id":"https:\/\/educationalevidence.com\/ca\/#\/schema\/person\/91a8797f56f6a2e7ba6fd6297739bbf1","name":"educational EVIDENCE","image":{"@type":"ImageObject","inLanguage":"ca","@id":"https:\/\/educationalevidence.com\/wp-content\/litespeed\/avatar\/e9888a11dc51b117a0209ebd4a5f884d.jpg?ver=1777453195","url":"https:\/\/educationalevidence.com\/wp-content\/litespeed\/avatar\/e9888a11dc51b117a0209ebd4a5f884d.jpg?ver=1777453195","contentUrl":"https:\/\/educationalevidence.com\/wp-content\/litespeed\/avatar\/e9888a11dc51b117a0209ebd4a5f884d.jpg?ver=1777453195","caption":"educational EVIDENCE"},"sameAs":["https:\/\/educationalevidence.com\/"],"url":""}]}},"_links":{"self":[{"href":"https:\/\/educationalevidence.com\/ca\/wp-json\/wp\/v2\/posts\/18753","targetHints":{"allow":["GET"]}}],"collection":[{"href":"https:\/\/educationalevidence.com\/ca\/wp-json\/wp\/v2\/posts"}],"about":[{"href":"https:\/\/educationalevidence.com\/ca\/wp-json\/wp\/v2\/types\/post"}],"author":[{"embeddable":true,"href":"https:\/\/educationalevidence.com\/ca\/wp-json\/wp\/v2\/users\/4"}],"replies":[{"embeddable":true,"href":"https:\/\/educationalevidence.com\/ca\/wp-json\/wp\/v2\/comments?post=18753"}],"version-history":[{"count":5,"href":"https:\/\/educationalevidence.com\/ca\/wp-json\/wp\/v2\/posts\/18753\/revisions"}],"predecessor-version":[{"id":19685,"href":"https:\/\/educationalevidence.com\/ca\/wp-json\/wp\/v2\/posts\/18753\/revisions\/19685"}],"wp:featuredmedia":[{"embeddable":true,"href":"https:\/\/educationalevidence.com\/ca\/wp-json\/wp\/v2\/media\/18748"}],"wp:attachment":[{"href":"https:\/\/educationalevidence.com\/ca\/wp-json\/wp\/v2\/media?parent=18753"}],"wp:term":[{"taxonomy":"category","embeddable":true,"href":"https:\/\/educationalevidence.com\/ca\/wp-json\/wp\/v2\/categories?post=18753"},{"taxonomy":"post_tag","embeddable":true,"href":"https:\/\/educationalevidence.com\/ca\/wp-json\/wp\/v2\/tags?post=18753"}],"curies":[{"name":"wp","href":"https:\/\/api.w.org\/{rel}","templated":true}]}}